{"id":1170,"date":"2024-05-27T15:24:09","date_gmt":"2024-05-27T19:24:09","guid":{"rendered":"https:\/\/crsoriente.cl\/?p=1170"},"modified":"2025-06-17T15:56:04","modified_gmt":"2025-06-17T19:56:04","slug":"crs-cordillera-oriente-presenta-su-cuenta-publica-participativa-destacando-su-gestion-2023","status":"publish","type":"post","link":"https:\/\/crsoriente.cl\/?p=1170","title":{"rendered":"CRS Cordillera Oriente presenta su Cuenta P\u00fablica Participativa destacando su gesti\u00f3n 2023"},"content":{"rendered":"\n<figure class=\"wp-block-image size-large is-resized\"><img fetchpriority=\"high\" decoding=\"async\" width=\"1024\" height=\"682\" src=\"https:\/\/crsoriente.cl\/wp-content\/uploads\/2024\/05\/image-9-1024x682.png\" alt=\"\" class=\"wp-image-1171\" style=\"width:1500px\" srcset=\"https:\/\/crsoriente.cl\/wp-content\/uploads\/2024\/05\/image-9-1024x682.png 1024w, https:\/\/crsoriente.cl\/wp-content\/uploads\/2024\/05\/image-9-300x200.png 300w, https:\/\/crsoriente.cl\/wp-content\/uploads\/2024\/05\/image-9-768x512.png 768w, https:\/\/crsoriente.cl\/wp-content\/uploads\/2024\/05\/image-9-1536x1023.png 1536w, https:\/\/crsoriente.cl\/wp-content\/uploads\/2024\/05\/image-9-174x116.png 174w, https:\/\/crsoriente.cl\/wp-content\/uploads\/2024\/05\/image-9.png 1600w\" sizes=\"(max-width: 1024px) 100vw, 1024px\" \/><\/figure>\n\n\n\n<p>Con una gran presencia de usuarios, funcionarias y funcionarios, dirigentes comunitarios, y autoridades se realiz\u00f3 el pasado viernes 17 de mayo la Cuenta P\u00fablica Participativa Gesti\u00f3n 2023 del Centro de Referencia de Salud Cordillera Oriente, la cual fue presentada por su m\u00e1xima autoridad, el Director Jaime Carvajal Y\u00e1\u00f1ez en el Centro C\u00edvico San Luis.<\/p>\n\n\n\n<p>Durante la presentaci\u00f3n, el Director repas\u00f3 las distintas \u00e1reas de desempe\u00f1o del CRSCO durante el \u00faltimo a\u00f1o, como la gesti\u00f3n financiera, de recursos humanos y usuaria, problem\u00e1ticas como la lista y tiempos de espera, el afianzamiento del trabajo en conjunto con las redes de salud y la producci\u00f3n, la cual tuvo n\u00fameros positivos en relaci\u00f3n al a\u00f1o 2022.<\/p>\n\n\n\n<p>\u201cEn 2023 tuvimos 36.483 interconsultas recibidas, las que significan un aumento del 2,91% en relaci\u00f3n al per\u00edodo anterior, lo bueno es que tuvimos un aumento del 10,3 % en consultas m\u00e9dicas y dentales, 18,9 % en actividad quir\u00fargica y casi un 9% en procedimientos con 70.025, mientras que la inasistencia de pacientes ha ido a la baja en un 9%, pero donde hay que bajar mucho m\u00e1s a\u00fan\u201d, detall\u00f3 Jaime Carvajal Y\u00e1\u00f1ez, Director del CRSCO.<\/p>\n\n\n\n<p>En ese contexto, el Director destac\u00f3 las distintas acciones que se han realizado para obtener estos resultados positivos, siendo los principales ejes el aumento de la eficiencia, el fortalecimiento de la gesti\u00f3n y trabajo colaborativo con la APS, HLT y la RED Oriente, la mejor\u00eda en la programaci\u00f3n de horas cl\u00ednicas y de telemedicina, el redise\u00f1o de los procesos administrativos y cl\u00ednicos, el cambio de modelo hacia una mayor resolutividad y la extensi\u00f3n horaria de atenci\u00f3n durante la semana y los s\u00e1bados.<\/p>\n\n\n\n<p>Tambi\u00e9n se abordaron problem\u00e1ticas hist\u00f3ricas dentro del establecimiento como son los tiempos y listas de espera, los cuales siguen siendo uno de los principales desaf\u00edos a mejorar para el CRSCO. Es por la misma raz\u00f3n que a fines del \u00faltimo a\u00f1o se implement\u00f3 un Plan de Trabajo de Reducci\u00f3n en Tiempos y Listas de Espera donde dentro de sus medidas se encuentra la creaci\u00f3n del comit\u00e9 de gesti\u00f3n de tiempos y listas de espera, la gesti\u00f3n para disminuir los pacientes que no se presentan (NSP), la actualizaci\u00f3n de la lista de espera, el cambio del sistema de contactabilidad, la creaci\u00f3n de la unidad de gesti\u00f3n de la demanda dependiente de la Sub Direcci\u00f3n m\u00e9dica y la creaci\u00f3n de un proyecto para gestionar una lista de espera din\u00e1mica en funci\u00f3n (no solo del tiempo) sino que tambi\u00e9n de la prioridad cl\u00ednica.<\/p>\n\n\n\n<p class=\"has-text-align-center\"><img decoding=\"async\" style=\"width: 1500px;\" src=\"https:\/\/lh7-us.googleusercontent.com\/jVcLNURrd3bIwcnzjCzKBwSE8iREresZyDmgBjKy_jPiXFqSOu0kE00N55vV6WpBCQ5hy9vCRQ798ipdZIIJgZH0XpH5rIkixEvl20G-KS1McjwBSreSvXlsNn0Iau1flQzzVOWWWuL3qnydHpxWMbY\"><\/p>\n\n\n\n<p>En tanto, dentro de los principales desaf\u00edos del Centro de Referencia de Salud Cordillera Oriente, se encuentra el cerrar las brechas de atenci\u00f3n, generar un espacio saludable y motivador para todo el funcionariado y tener disponible una infraestructura y tecnolog\u00eda que logre apoyar los desaf\u00edos que el CRSCO tiene por delante.<\/p>\n\n\n\n<p>\u201cTengo la convicci\u00f3n que el CRS y sus funcionarios est\u00e1n preparados, comprometidos y motivados con el gran desaf\u00edo que el establecimiento tiene por delante; y estoy seguro que con un buen trabajo en RED podremos avanzar en resolver de mejor manera las problem\u00e1ticas de salud de su poblaci\u00f3n\u201d, concluy\u00f3 el Director del Centro de Referencia de Salud Cordillera Oriente de Pe\u00f1alol\u00e9n, Jaime Carvajal Y\u00e1\u00f1ez.<\/p>\n\n\n\n<figure class=\"wp-block-image size-large is-resized\"><img decoding=\"async\" width=\"1024\" height=\"682\" src=\"https:\/\/crsoriente.cl\/wp-content\/uploads\/2024\/05\/image-11-1024x682.png\" alt=\"\" class=\"wp-image-1174\" style=\"width:1500px\" srcset=\"https:\/\/crsoriente.cl\/wp-content\/uploads\/2024\/05\/image-11-1024x682.png 1024w, https:\/\/crsoriente.cl\/wp-content\/uploads\/2024\/05\/image-11-300x200.png 300w, https:\/\/crsoriente.cl\/wp-content\/uploads\/2024\/05\/image-11-768x512.png 768w, https:\/\/crsoriente.cl\/wp-content\/uploads\/2024\/05\/image-11-1536x1023.png 1536w, https:\/\/crsoriente.cl\/wp-content\/uploads\/2024\/05\/image-11-174x116.png 174w, https:\/\/crsoriente.cl\/wp-content\/uploads\/2024\/05\/image-11.png 1600w\" sizes=\"(max-width: 1024px) 100vw, 1024px\" \/><\/figure>\n\n\n\n<p>Esta versi\u00f3n 2023 de la Cuenta P\u00fablica Participativa del CRSCO cont\u00f3 con m\u00e1s de 120 asistentes, entre ellos, los directores de los diferentes establecimientos de salud de la zona Oriente de Santiago, organizaciones municipales, consejo consultivo y dirigentes de juntas vecinales de la comuna de Pe\u00f1alol\u00e9n y Macul y usuarios y funcionaria(o)s de nuestro establecimiento.<\/p>\n\n\n\n<p>En la oportunidad, los asistentes a la actividad fueron parte de una encuesta interactiva, donde contestaron sobre las oportunidades y desaf\u00edos del CRSCO para este 2024, las que ser\u00e1n sistematizadas y servir\u00e1n de insumos para la labor que desarrolla nuestra instituci\u00f3n, para que el Centro de Referencia de Salud Cordillera Oriente siga creciendo y brindando una atenci\u00f3n integral y de calidad a toda la zona oriente de la capital.<\/p>\n\n\n\n<p>Para m\u00e1s informaci\u00f3n, la Cuenta P\u00fablica del CRSCO se encuentra disponible en crsoriente.cl, en donde podr\u00e1s revisar m\u00e1s detalles de la gesti\u00f3n realizada en los \u00faltimos 12 meses y los desaf\u00edos de cara al pr\u00f3ximo a\u00f1o.<\/p>\n","protected":false},"excerpt":{"rendered":"<p>Con una gran presencia de usuarios, funcionarias y funcionarios, dirigentes comunitarios, y autoridades se realiz\u00f3 el pasado viernes 17 de mayo la Cuenta P\u00fablica Participativa Gesti\u00f3n 2023 del Centro de Referencia de Salud Cordillera Oriente, la cual fue presentada por su m\u00e1xima autoridad, el Director Jaime Carvajal Y\u00e1\u00f1ez en el Centro C\u00edvico San Luis. Durante [&hellip;]<\/p>\n","protected":false},"author":4,"featured_media":1171,"comment_status":"open","ping_status":"open","sticky":false,"template":"","format":"standard","meta":{"_uag_custom_page_level_css":"","footnotes":""},"categories":[12],"tags":[43,20,21,18,41,33,42,46,44,22,45],"class_list":["post-1170","post","type-post","status-publish","format-standard","has-post-thumbnail","hentry","category-noticias","tag-43","tag-centro-de-referencia-de-salud","tag-cordillera-oriente","tag-crs","tag-cuenta-publica","tag-director","tag-gestion","tag-jaime-carvajal-yanez","tag-participativa","tag-penalolen","tag-usuarios"],"uagb_featured_image_src":{"full":["https:\/\/crsoriente.cl\/wp-content\/uploads\/2024\/05\/image-9.png",1600,1066,false],"thumbnail":["https:\/\/crsoriente.cl\/wp-content\/uploads\/2024\/05\/image-9-150x150.png",150,150,true],"medium":["https:\/\/crsoriente.cl\/wp-content\/uploads\/2024\/05\/image-9-300x200.png",300,200,true],"medium_large":["https:\/\/crsoriente.cl\/wp-content\/uploads\/2024\/05\/image-9-768x512.png",640,427,true],"large":["https:\/\/crsoriente.cl\/wp-content\/uploads\/2024\/05\/image-9-1024x682.png",640,426,true],"1536x1536":["https:\/\/crsoriente.cl\/wp-content\/uploads\/2024\/05\/image-9-1536x1023.png",1536,1023,true],"2048x2048":["https:\/\/crsoriente.cl\/wp-content\/uploads\/2024\/05\/image-9.png",1600,1066,false],"form-edit-image-preview":["https:\/\/crsoriente.cl\/wp-content\/uploads\/2024\/05\/image-9-174x116.png",174,116,true]},"uagb_author_info":{"display_name":"Diego M\u00e1nquez Arredondo","author_link":"https:\/\/crsoriente.cl\/?author=4"},"uagb_comment_info":0,"uagb_excerpt":"Con una gran presencia de usuarios, funcionarias y funcionarios, dirigentes comunitarios, y autoridades se realiz\u00f3 el pasado viernes 17 de mayo la Cuenta P\u00fablica Participativa Gesti\u00f3n 2023 del Centro de Referencia de Salud Cordillera Oriente, la cual fue presentada por su m\u00e1xima autoridad, el Director Jaime Carvajal Y\u00e1\u00f1ez en el Centro C\u00edvico San Luis. Durante&hellip;","_links":{"self":[{"href":"https:\/\/crsoriente.cl\/index.php?rest_route=\/wp\/v2\/posts\/1170","targetHints":{"allow":["GET"]}}],"collection":[{"href":"https:\/\/crsoriente.cl\/index.php?rest_route=\/wp\/v2\/posts"}],"about":[{"href":"https:\/\/crsoriente.cl\/index.php?rest_route=\/wp\/v2\/types\/post"}],"author":[{"embeddable":true,"href":"https:\/\/crsoriente.cl\/index.php?rest_route=\/wp\/v2\/users\/4"}],"replies":[{"embeddable":true,"href":"https:\/\/crsoriente.cl\/index.php?rest_route=%2Fwp%2Fv2%2Fcomments&post=1170"}],"version-history":[{"count":9,"href":"https:\/\/crsoriente.cl\/index.php?rest_route=\/wp\/v2\/posts\/1170\/revisions"}],"predecessor-version":[{"id":1201,"href":"https:\/\/crsoriente.cl\/index.php?rest_route=\/wp\/v2\/posts\/1170\/revisions\/1201"}],"wp:featuredmedia":[{"embeddable":true,"href":"https:\/\/crsoriente.cl\/index.php?rest_route=\/wp\/v2\/media\/1171"}],"wp:attachment":[{"href":"https:\/\/crsoriente.cl\/index.php?rest_route=%2Fwp%2Fv2%2Fmedia&parent=1170"}],"wp:term":[{"taxonomy":"category","embeddable":true,"href":"https:\/\/crsoriente.cl\/index.php?rest_route=%2Fwp%2Fv2%2Fcategories&post=1170"},{"taxonomy":"post_tag","embeddable":true,"href":"https:\/\/crsoriente.cl\/index.php?rest_route=%2Fwp%2Fv2%2Ftags&post=1170"}],"curies":[{"name":"wp","href":"https:\/\/api.w.org\/{rel}","templated":true}]}}