{"id":2059,"date":"2024-10-23T08:16:30","date_gmt":"2024-10-23T12:16:30","guid":{"rendered":"https:\/\/crsoriente.cl\/?p=2059"},"modified":"2024-10-23T08:17:59","modified_gmt":"2024-10-23T12:17:59","slug":"crs-realiza-jornada-de-sensibilizacion-en-el-dia-mundial-de-cancer-de-mama","status":"publish","type":"post","link":"https:\/\/crsoriente.cl\/?p=2059","title":{"rendered":"CRS realiza jornada de sensibilizaci\u00f3n en el D\u00eda Mundial de C\u00e1ncer de Mama"},"content":{"rendered":"\n<p class=\"has-text-align-center\"><strong><img decoding=\"async\" src=\"https:\/\/lh7-rt.googleusercontent.com\/docsz\/AD_4nXd4Jy521QB4fIxzGLmmkAtAHWExJARiYQO6tCSJhs9eawdVzXuWlJiXPBn04khQgSZ5SNbOSBBRZZBADkHS_Qt5iEFS9VIdkqoq6Wpb3fKgcB7avLCMlZ7gQgpreCXGQxj-YFRHj_ZlwBA6_ZPYwqvNkw0?key=-bayB3yC27jqKFqsVTQyMw\" style=\"width: 1200px;\"><\/strong><\/p>\n\n\n\n<p>Cada 19 de octubre se conmemora el<strong> D\u00eda Mundial de la lucha contra el c\u00e1ncer de mamas<\/strong>, el cual fue establecido por la <strong>Organizaci\u00f3n Mundial de la Salud<\/strong> con el fin de <strong>sensibilizar a la poblaci\u00f3n sobre la importancia de detectar a tiempo esta enfermedad<\/strong>, donde <strong>una pesquisa precoz es trascendental para iniciar el tratamiento.<\/strong> Es por lo mismo que la<strong> Unidad de Patolog\u00eda Mamaria del Centro de Referencia de Salud Cordillera Oriente realiz\u00f3 dos intervenciones dentro de la comunidad funcionaria y usuaria que recibieron gran recepci\u00f3n y participaci\u00f3n.<\/strong><\/p>\n\n\n\n<p><br>Durante la jornada del jueves 17 de octubre, <strong>el equipo de Patolog\u00eda Mamaria se pase\u00f3 por las distintas Unidades de nuestro establecimiento para entregar lazos, <\/strong>los cuales se han transformado en una se\u00f1al universal de apoyo a los distintos c\u00e1nceres existentes, siendo el rosado el que representa al c\u00e1ncer de mamas<strong>.<\/strong> Adem\u00e1s, siguiendo con la l\u00ednea de la detecci\u00f3n precoz entregaron<strong> folletos informativos y un p\u00f3ster con un tutorial para realizarse el autoexamen mamario.<\/strong><\/p>\n\n\n\n<p class=\"has-text-align-center\"><img decoding=\"async\" src=\"https:\/\/lh7-rt.googleusercontent.com\/docsz\/AD_4nXdFeXqEagdhak7ABCKGBdfi6cqWjB2hQKLsEm759FDyyfNkCM7E-6MFSzW-PkqSu0suiYRtGDdWIHrZHjkiFpnOacG4q_ysa7EIgDdTAXlEavvhuc9Y9kR60NlUx9L5yVtlXay2Vx_pS0sahLUebCAXwxph?key=-bayB3yC27jqKFqsVTQyMw\" style=\"width: 1200px;\"><\/p>\n\n\n\n<p>Al d\u00eda siguiente, <strong>la Unidad se abri\u00f3 a la comunidad usuaria<\/strong>, al instalar un <strong>stand informativo<\/strong> en la entrada del establecimiento que <strong>permiti\u00f3 a los usuarios y usuarias conocer m\u00e1s informaci\u00f3n y aclarar sus dudas sobre esta enfermedad <\/strong>que afecta a las c\u00e9lulas mamarias y que es considerado<strong> el c\u00e1ncer m\u00e1s frecuente en las mujeres del pa\u00eds.<\/strong><\/p>\n\n\n\n<p><strong>El Centro de Referencia de Salud de Pe\u00f1alol\u00e9n Cordillera Oriente tiene un rol primordial en materia oncol\u00f3gica en toda la zona oriente de Santiago<\/strong>, por lo que se han realizado<strong> varios avances en la atenci\u00f3n a la comunidad usuaria.<\/strong> Una de las que m\u00e1s destacan son las impulsadas por la <strong>Subdirectora M\u00e9dica, la Doctora Beatriz Martinez Mallet<\/strong>, quien form\u00f3 un <strong>equipo de trabajo junto a las Unidades de Patolog\u00eda Mamaria, Oncolog\u00eda, Imagenolog\u00eda, GES y el Hospital Luis Tisn\u00e9<\/strong>, quienes tras crear <strong>estrategias como el aumento de recursos y mejorar el procedimiento de atenci\u00f3n logr\u00f3 bajar en un 80% las garant\u00edas atrasadas de casos de sospecha de c\u00e1ncer de mamas que fueron derivados de los distintos consultorios al CRS de octubre del a\u00f1o pasado hasta la fecha, logrando que muchos de estos casos se tratasen a tiempo, disminuyendo los riesgos de avance de la enfermedad.<\/strong><\/p>\n\n\n\n<p class=\"has-text-align-center\"><img decoding=\"async\" src=\"https:\/\/lh7-rt.googleusercontent.com\/docsz\/AD_4nXcBn8VT9Ycc-SAnfCZh3DB01mbNsHro3WkRokSSHshzxMiAcry2MuThL46VT_GqqU4o_jspEdfigh-1qDxFAUoIGUfQ5_V0twg4YWMWoGbZoQNNbDo29OuWaTdLK4LlQP8I11nGudivSkOS2lY9ap2lf8m4?key=-bayB3yC27jqKFqsVTQyMw\" style=\"width: 1200px;\"><\/p>\n\n\n\n<p>Medidas y estrategias como estas evidencian <strong>el compromiso que el Centro de Referencia de Salud Cordillera Oriente de Pe\u00f1alol\u00e9n tiene en el \u00e1rea oncol\u00f3gica<\/strong>, m\u00e1s a\u00fan en patolog\u00eda mamaria considerando que<strong> hoy en d\u00eda es el c\u00e1ncer que m\u00e1s afecta a las mujeres del pa\u00eds, lo que nos incentiva como instituci\u00f3n a seguir trabajando en tratar, prevenir y apoyar a toda la comunidad usuaria del \u00e1rea oriente que padece o corre riesgo de contraer c\u00e1ncer de mama.<\/strong><\/p>\n","protected":false},"excerpt":{"rendered":"<p>Cada 19 de octubre se conmemora el D\u00eda Mundial de la lucha contra el c\u00e1ncer de mamas, el cual fue establecido por la Organizaci\u00f3n Mundial de la Salud con el fin de sensibilizar a la poblaci\u00f3n sobre la importancia de detectar a tiempo esta enfermedad, donde una pesquisa precoz es trascendental para iniciar el tratamiento. [&hellip;]<\/p>\n","protected":false},"author":4,"featured_media":2060,"comment_status":"open","ping_status":"open","sticky":false,"template":"","format":"standard","meta":{"_uag_custom_page_level_css":"","footnotes":""},"categories":[12],"tags":[],"class_list":["post-2059","post","type-post","status-publish","format-standard","has-post-thumbnail","hentry","category-noticias"],"uagb_featured_image_src":{"full":["https:\/\/crsoriente.cl\/wp-content\/uploads\/2024\/10\/IMG_6742-scaled.jpg",2560,2036,false],"thumbnail":["https:\/\/crsoriente.cl\/wp-content\/uploads\/2024\/10\/IMG_6742-150x150.jpg",150,150,true],"medium":["https:\/\/crsoriente.cl\/wp-content\/uploads\/2024\/10\/IMG_6742-300x239.jpg",300,239,true],"medium_large":["https:\/\/crsoriente.cl\/wp-content\/uploads\/2024\/10\/IMG_6742-768x611.jpg",640,509,true],"large":["https:\/\/crsoriente.cl\/wp-content\/uploads\/2024\/10\/IMG_6742-1024x814.jpg",640,509,true],"1536x1536":["https:\/\/crsoriente.cl\/wp-content\/uploads\/2024\/10\/IMG_6742-1536x1221.jpg",1536,1221,true],"2048x2048":["https:\/\/crsoriente.cl\/wp-content\/uploads\/2024\/10\/IMG_6742-2048x1629.jpg",2048,1629,true],"form-edit-image-preview":["https:\/\/crsoriente.cl\/wp-content\/uploads\/2024\/10\/IMG_6742-146x116.jpg",146,116,true]},"uagb_author_info":{"display_name":"Diego M\u00e1nquez Arredondo","author_link":"https:\/\/crsoriente.cl\/?author=4"},"uagb_comment_info":0,"uagb_excerpt":"Cada 19 de octubre se conmemora el D\u00eda Mundial de la lucha contra el c\u00e1ncer de mamas, el cual fue establecido por la Organizaci\u00f3n Mundial de la Salud con el fin de sensibilizar a la poblaci\u00f3n sobre la importancia de detectar a tiempo esta enfermedad, donde una pesquisa precoz es trascendental para iniciar el tratamiento.&hellip;","_links":{"self":[{"href":"https:\/\/crsoriente.cl\/index.php?rest_route=\/wp\/v2\/posts\/2059","targetHints":{"allow":["GET"]}}],"collection":[{"href":"https:\/\/crsoriente.cl\/index.php?rest_route=\/wp\/v2\/posts"}],"about":[{"href":"https:\/\/crsoriente.cl\/index.php?rest_route=\/wp\/v2\/types\/post"}],"author":[{"embeddable":true,"href":"https:\/\/crsoriente.cl\/index.php?rest_route=\/wp\/v2\/users\/4"}],"replies":[{"embeddable":true,"href":"https:\/\/crsoriente.cl\/index.php?rest_route=%2Fwp%2Fv2%2Fcomments&post=2059"}],"version-history":[{"count":2,"href":"https:\/\/crsoriente.cl\/index.php?rest_route=\/wp\/v2\/posts\/2059\/revisions"}],"predecessor-version":[{"id":2063,"href":"https:\/\/crsoriente.cl\/index.php?rest_route=\/wp\/v2\/posts\/2059\/revisions\/2063"}],"wp:featuredmedia":[{"embeddable":true,"href":"https:\/\/crsoriente.cl\/index.php?rest_route=\/wp\/v2\/media\/2060"}],"wp:attachment":[{"href":"https:\/\/crsoriente.cl\/index.php?rest_route=%2Fwp%2Fv2%2Fmedia&parent=2059"}],"wp:term":[{"taxonomy":"category","embeddable":true,"href":"https:\/\/crsoriente.cl\/index.php?rest_route=%2Fwp%2Fv2%2Fcategories&post=2059"},{"taxonomy":"post_tag","embeddable":true,"href":"https:\/\/crsoriente.cl\/index.php?rest_route=%2Fwp%2Fv2%2Ftags&post=2059"}],"curies":[{"name":"wp","href":"https:\/\/api.w.org\/{rel}","templated":true}]}}