{"id":2258,"date":"2024-11-27T08:06:45","date_gmt":"2024-11-27T12:06:45","guid":{"rendered":"https:\/\/crsoriente.cl\/?p=2258"},"modified":"2024-11-27T08:06:45","modified_gmt":"2024-11-27T12:06:45","slug":"crs-cordillera-oriente-conmemora-el-dia-internacional-del-hombre-con-desayuno-reflexivo","status":"publish","type":"post","link":"https:\/\/crsoriente.cl\/?p=2258","title":{"rendered":"CRS Cordillera Oriente conmemora el D\u00eda Internacional del Hombre con desayuno reflexivo"},"content":{"rendered":"\n<div class=\"wp-block-uagb-image aligncenter uagb-block-3f8e8b1c wp-block-uagb-image--layout-default wp-block-uagb-image--effect-static wp-block-uagb-image--align-center\"><figure class=\"wp-block-uagb-image__figure\"><img loading=\"lazy\" decoding=\"async\" srcset=\"https:\/\/crsoriente.cl\/wp-content\/uploads\/2024\/11\/WhatsApp-Image-2024-11-26-at-3.10.45-PM-1024x768.jpeg ,https:\/\/crsoriente.cl\/wp-content\/uploads\/2024\/11\/WhatsApp-Image-2024-11-26-at-3.10.45-PM.jpeg 780w, https:\/\/crsoriente.cl\/wp-content\/uploads\/2024\/11\/WhatsApp-Image-2024-11-26-at-3.10.45-PM.jpeg 360w\" sizes=\"auto, (max-width: 480px) 150px\" src=\"https:\/\/crsoriente.cl\/wp-content\/uploads\/2024\/11\/WhatsApp-Image-2024-11-26-at-3.10.45-PM-1024x768.jpeg\" alt=\"\" class=\"uag-image-2252\" width=\"1024\" height=\"768\" title=\"WhatsApp Image 2024-11-26 at 3.10.45 PM\" loading=\"lazy\" role=\"img\"\/><\/figure><\/div>\n\n\n\n<p>El pasado martes 19 de noviembre, en el casino del <strong>Centro de Referencia de Salud Cordillera Oriente<\/strong> <strong>de Pe\u00f1alol\u00e9n<\/strong>, se llev\u00f3 a cabo una significativa actividad en el marco de <strong>la\u00a0conmemoraci\u00f3n del D\u00eda Internacional del Hombre<\/strong>, organizado por la\u00a0<strong>Unidad de Calidad de Vida.<\/strong> La jornada reuni\u00f3 a los\u00a0<strong>hombres de la comunidad funcionaria\u00a0en un\u00a0desayuno reflexivo liderado por el psic\u00f3logo organizacional Ignacio Correa.<\/strong><\/p>\n\n\n\n<p>El objetivo principal de la actividad fue\u00a0<strong>promover un espacio para cuestionar las nociones tradicionales de la masculinidad, reflexionar sobre las nuevas masculinidades y visibilizar problem\u00e1ticas como la salud mental masculina<\/strong>, <strong>los\u00a0estereotipos de g\u00e9nero y las altas tasas de suicidio en hombres<\/strong>.\u00a0Durante la instancia, los participantes\u00a0<strong>dialogaron sobre la importancia de romper con los paradigmas que asocian la masculinidad con la fortaleza emocional y el silencio ante la vulnerabilidad.<\/strong><\/p>\n\n\n\n<p>Desde la Unidad de Calidad de Vida, se destac\u00f3 que este tipo de encuentros contribuyen a\u00a0<strong>fomentar relaciones laborales m\u00e1s inclusivas, respetuosas y colaborativas<\/strong>, adem\u00e1s de enfatizar la\u00a0<strong>necesidad de cuidar la salud emocional de toda la comunidad funcionaria.<\/strong>\u00a0\u201cReflexionar sobre las masculinidades no solo beneficia a los hombres, sino que <strong>impacta positivamente en la construcci\u00f3n de un entorno laboral y social m\u00e1s equitativo y humano\u201d, se\u00f1al\u00f3\u00a0Ignacio Correa.<\/strong><\/p>\n\n\n\n<p>Esta conmemoraci\u00f3n dej\u00f3 un valioso mensaje:\u00a0<strong>desnormalizar los estereotipos de g\u00e9nero y abrir espacios para el di\u00e1logo es esencial para construir relaciones m\u00e1s saludables y equilibradas en todos los \u00e1mbitos de la vida.<\/strong><\/p>\n\n\n\n<p>El Centro de Referencia de Salud Cordillera Oriente de Pe\u00f1alol\u00e9n busca\u00a0<strong>seguir generando este tipo de instancias<\/strong>, no s\u00f3lo en el D\u00eda Internacional del Hombre, sino que de forma permanente durante todo el a\u00f1o\u00a0para seguir fomentando espacios seguros, de reflexi\u00f3n y de unidad en la comunidad funcionaria.<\/p>\n\n\n\n<p><\/p>\n","protected":false},"excerpt":{"rendered":"<p>El pasado martes 19 de noviembre, en el casino del Centro de Referencia de Salud Cordillera Oriente de Pe\u00f1alol\u00e9n, se llev\u00f3 a cabo una significativa actividad en el marco de la\u00a0conmemoraci\u00f3n del D\u00eda Internacional del Hombre, organizado por la\u00a0Unidad de Calidad de Vida. La jornada reuni\u00f3 a los\u00a0hombres de la comunidad funcionaria\u00a0en un\u00a0desayuno reflexivo liderado [&hellip;]<\/p>\n","protected":false},"author":4,"featured_media":2252,"comment_status":"open","ping_status":"open","sticky":false,"template":"","format":"standard","meta":{"_uag_custom_page_level_css":"","footnotes":""},"categories":[12],"tags":[],"class_list":["post-2258","post","type-post","status-publish","format-standard","has-post-thumbnail","hentry","category-noticias"],"uagb_featured_image_src":{"full":["https:\/\/crsoriente.cl\/wp-content\/uploads\/2024\/11\/WhatsApp-Image-2024-11-26-at-3.10.45-PM.jpeg",1600,1200,false],"thumbnail":["https:\/\/crsoriente.cl\/wp-content\/uploads\/2024\/11\/WhatsApp-Image-2024-11-26-at-3.10.45-PM-150x150.jpeg",150,150,true],"medium":["https:\/\/crsoriente.cl\/wp-content\/uploads\/2024\/11\/WhatsApp-Image-2024-11-26-at-3.10.45-PM-300x225.jpeg",300,225,true],"medium_large":["https:\/\/crsoriente.cl\/wp-content\/uploads\/2024\/11\/WhatsApp-Image-2024-11-26-at-3.10.45-PM-768x576.jpeg",640,480,true],"large":["https:\/\/crsoriente.cl\/wp-content\/uploads\/2024\/11\/WhatsApp-Image-2024-11-26-at-3.10.45-PM-1024x768.jpeg",640,480,true],"1536x1536":["https:\/\/crsoriente.cl\/wp-content\/uploads\/2024\/11\/WhatsApp-Image-2024-11-26-at-3.10.45-PM-1536x1152.jpeg",1536,1152,true],"2048x2048":["https:\/\/crsoriente.cl\/wp-content\/uploads\/2024\/11\/WhatsApp-Image-2024-11-26-at-3.10.45-PM.jpeg",1600,1200,false],"form-edit-image-preview":["https:\/\/crsoriente.cl\/wp-content\/uploads\/2024\/11\/WhatsApp-Image-2024-11-26-at-3.10.45-PM-155x116.jpeg",155,116,true]},"uagb_author_info":{"display_name":"Diego M\u00e1nquez Arredondo","author_link":"https:\/\/crsoriente.cl\/?author=4"},"uagb_comment_info":0,"uagb_excerpt":"El pasado martes 19 de noviembre, en el casino del Centro de Referencia de Salud Cordillera Oriente de Pe\u00f1alol\u00e9n, se llev\u00f3 a cabo una significativa actividad en el marco de la\u00a0conmemoraci\u00f3n del D\u00eda Internacional del Hombre, organizado por la\u00a0Unidad de Calidad de Vida. La jornada reuni\u00f3 a los\u00a0hombres de la comunidad funcionaria\u00a0en un\u00a0desayuno reflexivo liderado&hellip;","_links":{"self":[{"href":"https:\/\/crsoriente.cl\/index.php?rest_route=\/wp\/v2\/posts\/2258","targetHints":{"allow":["GET"]}}],"collection":[{"href":"https:\/\/crsoriente.cl\/index.php?rest_route=\/wp\/v2\/posts"}],"about":[{"href":"https:\/\/crsoriente.cl\/index.php?rest_route=\/wp\/v2\/types\/post"}],"author":[{"embeddable":true,"href":"https:\/\/crsoriente.cl\/index.php?rest_route=\/wp\/v2\/users\/4"}],"replies":[{"embeddable":true,"href":"https:\/\/crsoriente.cl\/index.php?rest_route=%2Fwp%2Fv2%2Fcomments&post=2258"}],"version-history":[{"count":1,"href":"https:\/\/crsoriente.cl\/index.php?rest_route=\/wp\/v2\/posts\/2258\/revisions"}],"predecessor-version":[{"id":2260,"href":"https:\/\/crsoriente.cl\/index.php?rest_route=\/wp\/v2\/posts\/2258\/revisions\/2260"}],"wp:featuredmedia":[{"embeddable":true,"href":"https:\/\/crsoriente.cl\/index.php?rest_route=\/wp\/v2\/media\/2252"}],"wp:attachment":[{"href":"https:\/\/crsoriente.cl\/index.php?rest_route=%2Fwp%2Fv2%2Fmedia&parent=2258"}],"wp:term":[{"taxonomy":"category","embeddable":true,"href":"https:\/\/crsoriente.cl\/index.php?rest_route=%2Fwp%2Fv2%2Fcategories&post=2258"},{"taxonomy":"post_tag","embeddable":true,"href":"https:\/\/crsoriente.cl\/index.php?rest_route=%2Fwp%2Fv2%2Ftags&post=2258"}],"curies":[{"name":"wp","href":"https:\/\/api.w.org\/{rel}","templated":true}]}}