{"id":2263,"date":"2024-12-02T12:12:50","date_gmt":"2024-12-02T16:12:50","guid":{"rendered":"https:\/\/crsoriente.cl\/?p=2263"},"modified":"2024-12-02T12:14:08","modified_gmt":"2024-12-02T16:14:08","slug":"crs-cordillera-oriente-realiza-con-exito-su-segunda-feria-oncologica","status":"publish","type":"post","link":"https:\/\/crsoriente.cl\/?p=2263","title":{"rendered":"CRS Cordillera Oriente realiza con \u00e9xito su segunda Feria Oncol\u00f3gica"},"content":{"rendered":"\n<div class=\"wp-block-uagb-image aligncenter uagb-block-f386f958 wp-block-uagb-image--layout-default wp-block-uagb-image--effect-static wp-block-uagb-image--align-center\"><figure class=\"wp-block-uagb-image__figure\"><img loading=\"lazy\" decoding=\"async\" srcset=\"https:\/\/crsoriente.cl\/wp-content\/uploads\/2024\/12\/WhatsApp-Image-2024-12-02-at-12.59.40-PM.jpeg ,https:\/\/crsoriente.cl\/wp-content\/uploads\/2024\/12\/WhatsApp-Image-2024-12-02-at-12.59.40-PM.jpeg 780w, https:\/\/crsoriente.cl\/wp-content\/uploads\/2024\/12\/WhatsApp-Image-2024-12-02-at-12.59.40-PM.jpeg 360w\" sizes=\"auto, (max-width: 480px) 150px\" src=\"https:\/\/crsoriente.cl\/wp-content\/uploads\/2024\/12\/WhatsApp-Image-2024-12-02-at-12.59.40-PM.jpeg\" alt=\"\" class=\"uag-image-2264\" width=\"960\" height=\"894\" title=\"WhatsApp Image 2024-12-02 at 12.59.40 PM\" loading=\"lazy\" role=\"img\"\/><\/figure><\/div>\n\n\n\n<p>El pasado jueves 21 de noviembre se llev\u00f3 a cabo la <strong>2\u00b0 Feria Oncol\u00f3gica en el Centro de Referencia de Salud Cordillera Oriente de Pe\u00f1alol\u00e9n<\/strong>, organizada por la <strong>Unidad de Oncolog\u00eda del establecimiento.<\/strong> El evento tuvo como objetivo principal <strong>concientizar a la comunidad sobre los distintos tipos de c\u00e1ncer y proporcionar informaci\u00f3n valiosa para la prevenci\u00f3n y el tratamiento de la enfermedad.&nbsp;<\/strong><\/p>\n\n\n\n<p>Durante la jornada,<strong> los asistentes pudieron informarse sobre diversos aspectos del c\u00e1ncer, adem\u00e1s de recibir apoyo emocional y conocer el trabajo de diversas organizaciones que estuvieron presentes con sus stands.<\/strong> Entre los expositores destacaron importantes fundaciones y ONGs como <strong>Oncogu\u00eda, C\u00e1ncer Vida, Fresenius Kabi, Coj\u00edn con Coraz\u00f3n, Fundaci\u00f3n Daya, Mujeres por un Lazo, Fundaci\u00f3n Care, Corporaci\u00f3n Yo Mujer, la Municipalidad de Pe\u00f1alol\u00e9n, Fundaci\u00f3n Gist, Cl\u00ednica del Duelo, Agrupaci\u00f3n Triple Negativa, Triple Positiva y Valiente<\/strong>, entre otras.<\/p>\n\n\n\n<figure class=\"wp-block-image size-large\"><img fetchpriority=\"high\" decoding=\"async\" width=\"1024\" height=\"768\" src=\"https:\/\/crsoriente.cl\/wp-content\/uploads\/2024\/12\/IMG_8162-2-1024x768.jpg\" alt=\"\" class=\"wp-image-2265\" style=\"object-fit:cover\" srcset=\"https:\/\/crsoriente.cl\/wp-content\/uploads\/2024\/12\/IMG_8162-2-1024x768.jpg 1024w, https:\/\/crsoriente.cl\/wp-content\/uploads\/2024\/12\/IMG_8162-2-300x225.jpg 300w, https:\/\/crsoriente.cl\/wp-content\/uploads\/2024\/12\/IMG_8162-2-768x576.jpg 768w, https:\/\/crsoriente.cl\/wp-content\/uploads\/2024\/12\/IMG_8162-2-1536x1152.jpg 1536w, https:\/\/crsoriente.cl\/wp-content\/uploads\/2024\/12\/IMG_8162-2-2048x1536.jpg 2048w, https:\/\/crsoriente.cl\/wp-content\/uploads\/2024\/12\/IMG_8162-2-155x116.jpg 155w\" sizes=\"(max-width: 1024px) 100vw, 1024px\" \/><\/figure>\n\n\n\n<p>La actividad fue muy bien recibida tanto por los usuarios como por el personal del CRS, logrando una <strong>gran participaci\u00f3n de la comunidad local<\/strong>. Uno de los momentos m\u00e1s destacados de la feria fue la intervenci\u00f3n de <strong>Ricardo Castro<\/strong>, paciente del CRS, quien <strong>comparti\u00f3 con los asistentes varios de sus escritos.<\/strong> Castro, que se encuentra en <strong>tratamiento por un c\u00e1ncer de colon<\/strong>, explic\u00f3 que comenz\u00f3 a escribir durante su recuperaci\u00f3n tras una intervenci\u00f3n quir\u00fargica para extirpar la ves\u00edcula, lo que dio paso al descubrimiento de su c\u00e1ncer.&nbsp;<\/p>\n\n\n\n<p><strong>&#8220;Ten\u00eda mucho tiempo en las salas de espera y durante mi tratamiento ambulatorio de quimioterapia, as\u00ed que empec\u00e9 a escribir sobre la historia que estaba viviendo, que es autobiogr\u00e1fica&#8221;<\/strong>, se\u00f1al\u00f3 el paciente, emocionado al compartir su experiencia personal, el cual recibi\u00f3 aplausos de parte de los asistentes, muchos de ellos, identificados con sus escritos ya que tambi\u00e9n fueron o son pacientes oncol\u00f3gicos del CRS.<\/p>\n\n\n\n<p>El evento concluy\u00f3 con una nota positiva, <strong>destacando la importancia de la solidaridad, la educaci\u00f3n y el acompa\u00f1amiento en el proceso de enfrentarse al c\u00e1ncer, y reafirmando el compromiso del CRS Cordillera Oriente con la salud y el bienestar de su comunidad.<\/strong><\/p>\n\n\n\n<p><strong>Revive los mejores momentos de la 2\u00b0 Feria Oncol\u00f3gica del CRS a continuaci\u00f3n:<\/strong><\/p>\n\n\n\n<figure class=\"wp-block-embed is-type-video is-provider-youtube wp-block-embed-youtube wp-embed-aspect-16-9 wp-has-aspect-ratio\"><div class=\"wp-block-embed__wrapper\">\n<iframe title=\"II Feria Oncol\u00f3gica I CRS Cordillera Oriente\" width=\"640\" height=\"360\" src=\"https:\/\/www.youtube.com\/embed\/EFsVKKn9AZA?feature=oembed\" frameborder=\"0\" allow=\"accelerometer; autoplay; clipboard-write; encrypted-media; gyroscope; picture-in-picture; web-share\" referrerpolicy=\"strict-origin-when-cross-origin\" allowfullscreen><\/iframe>\n<\/div><\/figure>\n","protected":false},"excerpt":{"rendered":"<p>El pasado jueves 21 de noviembre se llev\u00f3 a cabo la 2\u00b0 Feria Oncol\u00f3gica en el Centro de Referencia de Salud Cordillera Oriente de Pe\u00f1alol\u00e9n, organizada por la Unidad de Oncolog\u00eda del establecimiento. El evento tuvo como objetivo principal concientizar a la comunidad sobre los distintos tipos de c\u00e1ncer y proporcionar informaci\u00f3n valiosa para la [&hellip;]<\/p>\n","protected":false},"author":4,"featured_media":2264,"comment_status":"open","ping_status":"open","sticky":false,"template":"","format":"standard","meta":{"_uag_custom_page_level_css":"","footnotes":""},"categories":[12],"tags":[],"class_list":["post-2263","post","type-post","status-publish","format-standard","has-post-thumbnail","hentry","category-noticias"],"uagb_featured_image_src":{"full":["https:\/\/crsoriente.cl\/wp-content\/uploads\/2024\/12\/WhatsApp-Image-2024-12-02-at-12.59.40-PM.jpeg",960,894,false],"thumbnail":["https:\/\/crsoriente.cl\/wp-content\/uploads\/2024\/12\/WhatsApp-Image-2024-12-02-at-12.59.40-PM-150x150.jpeg",150,150,true],"medium":["https:\/\/crsoriente.cl\/wp-content\/uploads\/2024\/12\/WhatsApp-Image-2024-12-02-at-12.59.40-PM-300x279.jpeg",300,279,true],"medium_large":["https:\/\/crsoriente.cl\/wp-content\/uploads\/2024\/12\/WhatsApp-Image-2024-12-02-at-12.59.40-PM-768x715.jpeg",640,596,true],"large":["https:\/\/crsoriente.cl\/wp-content\/uploads\/2024\/12\/WhatsApp-Image-2024-12-02-at-12.59.40-PM.jpeg",640,596,false],"1536x1536":["https:\/\/crsoriente.cl\/wp-content\/uploads\/2024\/12\/WhatsApp-Image-2024-12-02-at-12.59.40-PM.jpeg",960,894,false],"2048x2048":["https:\/\/crsoriente.cl\/wp-content\/uploads\/2024\/12\/WhatsApp-Image-2024-12-02-at-12.59.40-PM.jpeg",960,894,false],"form-edit-image-preview":["https:\/\/crsoriente.cl\/wp-content\/uploads\/2024\/12\/WhatsApp-Image-2024-12-02-at-12.59.40-PM-125x116.jpeg",125,116,true]},"uagb_author_info":{"display_name":"Diego M\u00e1nquez Arredondo","author_link":"https:\/\/crsoriente.cl\/?author=4"},"uagb_comment_info":0,"uagb_excerpt":"El pasado jueves 21 de noviembre se llev\u00f3 a cabo la 2\u00b0 Feria Oncol\u00f3gica en el Centro de Referencia de Salud Cordillera Oriente de Pe\u00f1alol\u00e9n, organizada por la Unidad de Oncolog\u00eda del establecimiento. El evento tuvo como objetivo principal concientizar a la comunidad sobre los distintos tipos de c\u00e1ncer y proporcionar informaci\u00f3n valiosa para la&hellip;","_links":{"self":[{"href":"https:\/\/crsoriente.cl\/index.php?rest_route=\/wp\/v2\/posts\/2263","targetHints":{"allow":["GET"]}}],"collection":[{"href":"https:\/\/crsoriente.cl\/index.php?rest_route=\/wp\/v2\/posts"}],"about":[{"href":"https:\/\/crsoriente.cl\/index.php?rest_route=\/wp\/v2\/types\/post"}],"author":[{"embeddable":true,"href":"https:\/\/crsoriente.cl\/index.php?rest_route=\/wp\/v2\/users\/4"}],"replies":[{"embeddable":true,"href":"https:\/\/crsoriente.cl\/index.php?rest_route=%2Fwp%2Fv2%2Fcomments&post=2263"}],"version-history":[{"count":3,"href":"https:\/\/crsoriente.cl\/index.php?rest_route=\/wp\/v2\/posts\/2263\/revisions"}],"predecessor-version":[{"id":2268,"href":"https:\/\/crsoriente.cl\/index.php?rest_route=\/wp\/v2\/posts\/2263\/revisions\/2268"}],"wp:featuredmedia":[{"embeddable":true,"href":"https:\/\/crsoriente.cl\/index.php?rest_route=\/wp\/v2\/media\/2264"}],"wp:attachment":[{"href":"https:\/\/crsoriente.cl\/index.php?rest_route=%2Fwp%2Fv2%2Fmedia&parent=2263"}],"wp:term":[{"taxonomy":"category","embeddable":true,"href":"https:\/\/crsoriente.cl\/index.php?rest_route=%2Fwp%2Fv2%2Fcategories&post=2263"},{"taxonomy":"post_tag","embeddable":true,"href":"https:\/\/crsoriente.cl\/index.php?rest_route=%2Fwp%2Fv2%2Ftags&post=2263"}],"curies":[{"name":"wp","href":"https:\/\/api.w.org\/{rel}","templated":true}]}}