{"id":2814,"date":"2025-04-10T11:39:28","date_gmt":"2025-04-10T15:39:28","guid":{"rendered":"https:\/\/crsoriente.cl\/?p=2814"},"modified":"2025-04-10T11:39:28","modified_gmt":"2025-04-10T15:39:28","slug":"crs-cordillera-oriente-se-despide-de-la-destacada-kinesiologa-veronica-castro-tras-26-anos-de-servicio","status":"publish","type":"post","link":"https:\/\/crsoriente.cl\/?p=2814","title":{"rendered":"CRS Cordillera Oriente se despide de la destacada kinesi\u00f3loga Ver\u00f3nica Castro tras 26 a\u00f1os de servicio"},"content":{"rendered":"\n<div class=\"wp-block-uagb-image aligncenter uagb-block-9bdf6c4d wp-block-uagb-image--layout-default wp-block-uagb-image--effect-static wp-block-uagb-image--align-center\"><figure class=\"wp-block-uagb-image__figure\"><img loading=\"lazy\" decoding=\"async\" srcset=\"https:\/\/crsoriente.cl\/wp-content\/uploads\/2025\/04\/WhatsApp-Image-2025-04-10-at-11.35.40-AM-2-1024x768.jpeg ,https:\/\/crsoriente.cl\/wp-content\/uploads\/2025\/04\/WhatsApp-Image-2025-04-10-at-11.35.40-AM-2.jpeg 780w, https:\/\/crsoriente.cl\/wp-content\/uploads\/2025\/04\/WhatsApp-Image-2025-04-10-at-11.35.40-AM-2.jpeg 360w\" sizes=\"auto, (max-width: 480px) 150px\" src=\"https:\/\/crsoriente.cl\/wp-content\/uploads\/2025\/04\/WhatsApp-Image-2025-04-10-at-11.35.40-AM-2-1024x768.jpeg\" alt=\"\" class=\"uag-image-2815\" width=\"832\" height=\"624\" title=\"WhatsApp Image 2025-04-10 at 11.35.40 AM (2)\" loading=\"lazy\" role=\"img\"\/><\/figure><\/div>\n\n\n\n<p>En una emotiva jornada organizada por la <strong>Unidad de Calidad de Vida y Medicina F\u00edsica y Rehabilitaci\u00f3n<\/strong>, el Centro de Referencia de Salud Cordillera Oriente <strong>rindi\u00f3 homenaje a Ver\u00f3nica Castro, kinesi\u00f3loga que, durante 26 a\u00f1os, dedic\u00f3 su labor al cuidado, recuperaci\u00f3n y bienestar de los usuarios de Medicina F\u00edsica y Rehabilitaci\u00f3n.<\/strong><\/p>\n\n\n\n<p>La ceremonia, realizada en el Auditorio del CRS, estuvo marcada por la calidez y el agradecimiento de sus compa\u00f1eras, quienes entregaron varios obsequios en reconocimiento a su invaluable aporte. Como acto simb\u00f3lico, <strong>la profesional realiz\u00f3 su \u00faltimo marcaje, un momento cargado de emociones y acompa\u00f1ada del afecto y respeto de todos los presentes.<\/strong><\/p>\n\n\n\n<p><strong>Ver\u00f3nica Castro culmina esta etapa de su carrera tras adjudicarse exitosamente un cupo para el incentivo al retiro voluntario establecido por la ley 20.986. Su partida deja un legado de compromiso y profesionalismo en el CRS Cordillera Oriente.<\/strong><\/p>\n\n\n\n<p>Desde la instituci\u00f3n, <strong>se le desea todo el \u00e9xito en esta nueva etapa de su vida y se le expresa un profundo agradecimiento por su destacada contribuci\u00f3n a lo largo de los a\u00f1os. \u00a1Gracias, Ver\u00f3nica Castro, por dejar una huella imborrable en la salud y el bienestar de la comunidad!<\/strong><\/p>\n\n\n\t\t\t\t\t<div\n\t\t\t\t\t\tclass=\"wp-block-uagb-image-gallery uagb-block-96143f2d     \"\n\t\t\t\t\t\tstyle=\"\"\n\t\t\t\t\t>\n\t\t\t\t\t\t\t\t\t\t\t<div class=\"spectra-image-gallery spectra-image-gallery__layout--carousel\">\n\t\t\t\t\t\t\t\t<div class=\"uagb-slick-carousel uagb-block-96143f2d\">\n\t\t\t\t\t\t\t\t\t\t\t\t<div class='spectra-image-gallery__media-wrapper' data-spectra-gallery-image-id='2816'>\n\t\t\t\t\t\t\t<div class=\"spectra-image-gallery__media spectra-image-gallery__media--carousel\">\n\t\t\t\t<picture>\n\t\t\t\t\t<source media=\"(min-width: 1024px)\" srcset=\"https:\/\/crsoriente.cl\/wp-content\/uploads\/2025\/04\/WhatsApp-Image-2025-04-10-at-11.35.39-AM-1024x768.jpeg\">\n\t\t\t\t\t<source media=\"(min-width: 768px)\" srcset=\"https:\/\/crsoriente.cl\/wp-content\/uploads\/2025\/04\/WhatsApp-Image-2025-04-10-at-11.35.39-AM-1024x768.jpeg\">\n\t\t\t\t\t<img decoding=\"async\" class=\"spectra-image-gallery__media-thumbnail spectra-image-gallery__media-thumbnail--carousel\" src=\"https:\/\/crsoriente.cl\/wp-content\/uploads\/2025\/04\/WhatsApp-Image-2025-04-10-at-11.35.39-AM-300x225.jpeg\" alt=\"\" loading=\"lazy\" \/>\n\t\t\t\t<\/picture>\n\t\t\t\t<div class=\"spectra-image-gallery__media-thumbnail-blurrer\"><\/div>\n\t\t\t\t\t\t\t\t\t\t\t<div class=\"spectra-image-gallery__media-thumbnail-caption-wrapper spectra-image-gallery__media-thumbnail-caption-wrapper--overlay\">\n\t\t\t\t\t\t\t\t\t\t\t<div class=\"spectra-image-gallery__media-thumbnail-caption spectra-image-gallery__media-thumbnail-caption--overlay\">\n\t\t\t\t\tSin leyenda\t\t\t\t<\/div>\n\t\t\t\t\t\t\t\t\t\t<\/div>\n\t\t\t\t\t\t\t\t\t<\/div>\n\t\t\t\t\t\t<\/div>\n\t\t\t\t\t\t<div class='spectra-image-gallery__media-wrapper' data-spectra-gallery-image-id='2817'>\n\t\t\t\t\t\t\t<div class=\"spectra-image-gallery__media spectra-image-gallery__media--carousel\">\n\t\t\t\t<picture>\n\t\t\t\t\t<source media=\"(min-width: 1024px)\" srcset=\"https:\/\/crsoriente.cl\/wp-content\/uploads\/2025\/04\/WhatsApp-Image-2025-04-10-at-11.35.39-AM-1-1024x768.jpeg\">\n\t\t\t\t\t<source media=\"(min-width: 768px)\" srcset=\"https:\/\/crsoriente.cl\/wp-content\/uploads\/2025\/04\/WhatsApp-Image-2025-04-10-at-11.35.39-AM-1-1024x768.jpeg\">\n\t\t\t\t\t<img decoding=\"async\" class=\"spectra-image-gallery__media-thumbnail spectra-image-gallery__media-thumbnail--carousel\" src=\"https:\/\/crsoriente.cl\/wp-content\/uploads\/2025\/04\/WhatsApp-Image-2025-04-10-at-11.35.39-AM-1-300x225.jpeg\" alt=\"\" loading=\"lazy\" \/>\n\t\t\t\t<\/picture>\n\t\t\t\t<div class=\"spectra-image-gallery__media-thumbnail-blurrer\"><\/div>\n\t\t\t\t\t\t\t\t\t\t\t<div class=\"spectra-image-gallery__media-thumbnail-caption-wrapper spectra-image-gallery__media-thumbnail-caption-wrapper--overlay\">\n\t\t\t\t\t\t\t\t\t\t\t<div class=\"spectra-image-gallery__media-thumbnail-caption spectra-image-gallery__media-thumbnail-caption--overlay\">\n\t\t\t\t\tSin leyenda\t\t\t\t<\/div>\n\t\t\t\t\t\t\t\t\t\t<\/div>\n\t\t\t\t\t\t\t\t\t<\/div>\n\t\t\t\t\t\t<\/div>\n\t\t\t\t\t\t<div class='spectra-image-gallery__media-wrapper' data-spectra-gallery-image-id='2818'>\n\t\t\t\t\t\t\t<div class=\"spectra-image-gallery__media spectra-image-gallery__media--carousel\">\n\t\t\t\t<picture>\n\t\t\t\t\t<source media=\"(min-width: 1024px)\" srcset=\"https:\/\/crsoriente.cl\/wp-content\/uploads\/2025\/04\/WhatsApp-Image-2025-04-10-at-11.35.39-AM-2-1024x768.jpeg\">\n\t\t\t\t\t<source media=\"(min-width: 768px)\" srcset=\"https:\/\/crsoriente.cl\/wp-content\/uploads\/2025\/04\/WhatsApp-Image-2025-04-10-at-11.35.39-AM-2-1024x768.jpeg\">\n\t\t\t\t\t<img decoding=\"async\" class=\"spectra-image-gallery__media-thumbnail spectra-image-gallery__media-thumbnail--carousel\" src=\"https:\/\/crsoriente.cl\/wp-content\/uploads\/2025\/04\/WhatsApp-Image-2025-04-10-at-11.35.39-AM-2-300x225.jpeg\" alt=\"\" loading=\"lazy\" \/>\n\t\t\t\t<\/picture>\n\t\t\t\t<div class=\"spectra-image-gallery__media-thumbnail-blurrer\"><\/div>\n\t\t\t\t\t\t\t\t\t\t\t<div class=\"spectra-image-gallery__media-thumbnail-caption-wrapper spectra-image-gallery__media-thumbnail-caption-wrapper--overlay\">\n\t\t\t\t\t\t\t\t\t\t\t<div class=\"spectra-image-gallery__media-thumbnail-caption spectra-image-gallery__media-thumbnail-caption--overlay\">\n\t\t\t\t\tSin leyenda\t\t\t\t<\/div>\n\t\t\t\t\t\t\t\t\t\t<\/div>\n\t\t\t\t\t\t\t\t\t<\/div>\n\t\t\t\t\t\t<\/div>\n\t\t\t\t\t\t<div class='spectra-image-gallery__media-wrapper' data-spectra-gallery-image-id='2819'>\n\t\t\t\t\t\t\t<div class=\"spectra-image-gallery__media spectra-image-gallery__media--carousel\">\n\t\t\t\t<picture>\n\t\t\t\t\t<source media=\"(min-width: 1024px)\" srcset=\"https:\/\/crsoriente.cl\/wp-content\/uploads\/2025\/04\/WhatsApp-Image-2025-04-10-at-11.35.40-AM-1024x768.jpeg\">\n\t\t\t\t\t<source media=\"(min-width: 768px)\" srcset=\"https:\/\/crsoriente.cl\/wp-content\/uploads\/2025\/04\/WhatsApp-Image-2025-04-10-at-11.35.40-AM-1024x768.jpeg\">\n\t\t\t\t\t<img decoding=\"async\" class=\"spectra-image-gallery__media-thumbnail spectra-image-gallery__media-thumbnail--carousel\" src=\"https:\/\/crsoriente.cl\/wp-content\/uploads\/2025\/04\/WhatsApp-Image-2025-04-10-at-11.35.40-AM-300x225.jpeg\" alt=\"\" loading=\"lazy\" \/>\n\t\t\t\t<\/picture>\n\t\t\t\t<div class=\"spectra-image-gallery__media-thumbnail-blurrer\"><\/div>\n\t\t\t\t\t\t\t\t\t\t\t<div class=\"spectra-image-gallery__media-thumbnail-caption-wrapper spectra-image-gallery__media-thumbnail-caption-wrapper--overlay\">\n\t\t\t\t\t\t\t\t\t\t\t<div class=\"spectra-image-gallery__media-thumbnail-caption spectra-image-gallery__media-thumbnail-caption--overlay\">\n\t\t\t\t\tSin leyenda\t\t\t\t<\/div>\n\t\t\t\t\t\t\t\t\t\t<\/div>\n\t\t\t\t\t\t\t\t\t<\/div>\n\t\t\t\t\t\t<\/div>\n\t\t\t\t\t\t\t\t\t\t\t<\/div>\n\t\t\t\t\t\t\t<\/div>\n\t\t\t\t\t\t\t\t\t\t\t<\/div>\n\t\t\t\t\t\t\t\t\t\n\n\n<p><\/p>\n","protected":false},"excerpt":{"rendered":"<p>En una emotiva jornada organizada por la Unidad de Calidad de Vida y Medicina F\u00edsica y Rehabilitaci\u00f3n, el Centro de Referencia de Salud Cordillera Oriente rindi\u00f3 homenaje a Ver\u00f3nica Castro, kinesi\u00f3loga que, durante 26 a\u00f1os, dedic\u00f3 su labor al cuidado, recuperaci\u00f3n y bienestar de los usuarios de Medicina F\u00edsica y Rehabilitaci\u00f3n. La ceremonia, realizada en [&hellip;]<\/p>\n","protected":false},"author":4,"featured_media":2815,"comment_status":"open","ping_status":"open","sticky":false,"template":"","format":"standard","meta":{"_uag_custom_page_level_css":"","footnotes":""},"categories":[12],"tags":[],"class_list":["post-2814","post","type-post","status-publish","format-standard","has-post-thumbnail","hentry","category-noticias"],"uagb_featured_image_src":{"full":["https:\/\/crsoriente.cl\/wp-content\/uploads\/2025\/04\/WhatsApp-Image-2025-04-10-at-11.35.40-AM-2.jpeg",1280,960,false],"thumbnail":["https:\/\/crsoriente.cl\/wp-content\/uploads\/2025\/04\/WhatsApp-Image-2025-04-10-at-11.35.40-AM-2-150x150.jpeg",150,150,true],"medium":["https:\/\/crsoriente.cl\/wp-content\/uploads\/2025\/04\/WhatsApp-Image-2025-04-10-at-11.35.40-AM-2-300x225.jpeg",300,225,true],"medium_large":["https:\/\/crsoriente.cl\/wp-content\/uploads\/2025\/04\/WhatsApp-Image-2025-04-10-at-11.35.40-AM-2-768x576.jpeg",640,480,true],"large":["https:\/\/crsoriente.cl\/wp-content\/uploads\/2025\/04\/WhatsApp-Image-2025-04-10-at-11.35.40-AM-2-1024x768.jpeg",640,480,true],"1536x1536":["https:\/\/crsoriente.cl\/wp-content\/uploads\/2025\/04\/WhatsApp-Image-2025-04-10-at-11.35.40-AM-2.jpeg",1280,960,false],"2048x2048":["https:\/\/crsoriente.cl\/wp-content\/uploads\/2025\/04\/WhatsApp-Image-2025-04-10-at-11.35.40-AM-2.jpeg",1280,960,false],"form-edit-image-preview":["https:\/\/crsoriente.cl\/wp-content\/uploads\/2025\/04\/WhatsApp-Image-2025-04-10-at-11.35.40-AM-2-155x116.jpeg",155,116,true]},"uagb_author_info":{"display_name":"Diego M\u00e1nquez Arredondo","author_link":"https:\/\/crsoriente.cl\/?author=4"},"uagb_comment_info":0,"uagb_excerpt":"En una emotiva jornada organizada por la Unidad de Calidad de Vida y Medicina F\u00edsica y Rehabilitaci\u00f3n, el Centro de Referencia de Salud Cordillera Oriente rindi\u00f3 homenaje a Ver\u00f3nica Castro, kinesi\u00f3loga que, durante 26 a\u00f1os, dedic\u00f3 su labor al cuidado, recuperaci\u00f3n y bienestar de los usuarios de Medicina F\u00edsica y Rehabilitaci\u00f3n. La ceremonia, realizada en&hellip;","_links":{"self":[{"href":"https:\/\/crsoriente.cl\/index.php?rest_route=\/wp\/v2\/posts\/2814","targetHints":{"allow":["GET"]}}],"collection":[{"href":"https:\/\/crsoriente.cl\/index.php?rest_route=\/wp\/v2\/posts"}],"about":[{"href":"https:\/\/crsoriente.cl\/index.php?rest_route=\/wp\/v2\/types\/post"}],"author":[{"embeddable":true,"href":"https:\/\/crsoriente.cl\/index.php?rest_route=\/wp\/v2\/users\/4"}],"replies":[{"embeddable":true,"href":"https:\/\/crsoriente.cl\/index.php?rest_route=%2Fwp%2Fv2%2Fcomments&post=2814"}],"version-history":[{"count":1,"href":"https:\/\/crsoriente.cl\/index.php?rest_route=\/wp\/v2\/posts\/2814\/revisions"}],"predecessor-version":[{"id":2820,"href":"https:\/\/crsoriente.cl\/index.php?rest_route=\/wp\/v2\/posts\/2814\/revisions\/2820"}],"wp:featuredmedia":[{"embeddable":true,"href":"https:\/\/crsoriente.cl\/index.php?rest_route=\/wp\/v2\/media\/2815"}],"wp:attachment":[{"href":"https:\/\/crsoriente.cl\/index.php?rest_route=%2Fwp%2Fv2%2Fmedia&parent=2814"}],"wp:term":[{"taxonomy":"category","embeddable":true,"href":"https:\/\/crsoriente.cl\/index.php?rest_route=%2Fwp%2Fv2%2Fcategories&post=2814"},{"taxonomy":"post_tag","embeddable":true,"href":"https:\/\/crsoriente.cl\/index.php?rest_route=%2Fwp%2Fv2%2Ftags&post=2814"}],"curies":[{"name":"wp","href":"https:\/\/api.w.org\/{rel}","templated":true}]}}