{"id":2865,"date":"2025-04-25T09:32:31","date_gmt":"2025-04-25T13:32:31","guid":{"rendered":"https:\/\/crsoriente.cl\/?p=2865"},"modified":"2025-04-25T09:32:31","modified_gmt":"2025-04-25T13:32:31","slug":"crs-cordillera-oriente-y-carabineros-refuerzan-estrategias-de-seguridad-comunitaria","status":"publish","type":"post","link":"https:\/\/crsoriente.cl\/?p=2865","title":{"rendered":"CRS Cordillera Oriente y Carabineros refuerzan estrategias de seguridad comunitaria"},"content":{"rendered":"<div class=\"wp-block-image\">\n<figure class=\"aligncenter size-large\"><img fetchpriority=\"high\" decoding=\"async\" width=\"1024\" height=\"768\" src=\"https:\/\/crsoriente.cl\/wp-content\/uploads\/2025\/04\/PHOTO-2025-04-21-15-51-27-1024x768.jpg\" alt=\"\" class=\"wp-image-2866\" srcset=\"https:\/\/crsoriente.cl\/wp-content\/uploads\/2025\/04\/PHOTO-2025-04-21-15-51-27-1024x768.jpg 1024w, https:\/\/crsoriente.cl\/wp-content\/uploads\/2025\/04\/PHOTO-2025-04-21-15-51-27-300x225.jpg 300w, https:\/\/crsoriente.cl\/wp-content\/uploads\/2025\/04\/PHOTO-2025-04-21-15-51-27-768x576.jpg 768w, https:\/\/crsoriente.cl\/wp-content\/uploads\/2025\/04\/PHOTO-2025-04-21-15-51-27-155x116.jpg 155w, https:\/\/crsoriente.cl\/wp-content\/uploads\/2025\/04\/PHOTO-2025-04-21-15-51-27.jpg 1280w\" sizes=\"(max-width: 1024px) 100vw, 1024px\" \/><\/figure>\n<\/div>\n\n\n<p>El pasado lunes 21 de abril, se llev\u00f3 a cabo una&nbsp;<strong>importante reuni\u00f3n de coordinaci\u00f3n entre el Centro de Referencia de Salud Cordillera Oriente de Pe\u00f1alol\u00e9n y Carabineros del plan cuadrante<\/strong>, con el objetivo de&nbsp;<strong>fortalecer el trabajo conjunto en materia de seguridad y prevenci\u00f3n de hechos de violencia que puedan afectar a la comunidad funcionaria y usuaria.<\/strong><\/p>\n\n\n\n<p>Durante el encuentro, se abordaron las&nbsp;<strong>principales situaciones de riesgo identificadas en el entorno del CRS, se revisaron los protocolos de actuaci\u00f3n ante hechos de violencia externa y se establecieron canales de comunicaci\u00f3n directa entre ambas instituciones para agilizar la respuesta ante eventuales incidentes.<\/strong><\/p>\n\n\n\n<p>Uno de los principales acuerdos alcanzados fue&nbsp;<strong>potenciar la presencia preventiva de Carabineros en los horarios de mayor afluencia de p\u00fablico<\/strong>, con el fin de&nbsp;<strong>brindar mayor tranquilidad y protecci\u00f3n a quienes transitan por el recinto y gestiones para el retiro de personas en el sitio eriazo.<\/strong><\/p>\n\n\n\n<p>En la reuni\u00f3n participaron&nbsp;<strong>el equipo directivo del CRS, el Departamento de Operaciones y la Unidad de Calidad de Vida, reafirmando el compromiso de estas instituciones con la seguridad y el bienestar de la comunidad.<\/strong><\/p>\n\n\n\n<p>Esta iniciativa refleja el esfuerzo conjunto por&nbsp;<strong>generar un entorno seguro y prevenir situaciones de riesgo, garantizando una mejor experiencia para la comunidad usuaria y funcionaria del CRS.<\/strong><\/p>\n\n\n\n<p><\/p>\n","protected":false},"excerpt":{"rendered":"<p>El pasado lunes 21 de abril, se llev\u00f3 a cabo una&nbsp;importante reuni\u00f3n de coordinaci\u00f3n entre el Centro de Referencia de Salud Cordillera Oriente de Pe\u00f1alol\u00e9n y Carabineros del plan cuadrante, con el objetivo de&nbsp;fortalecer el trabajo conjunto en materia de seguridad y prevenci\u00f3n de hechos de violencia que puedan afectar a la comunidad funcionaria y [&hellip;]<\/p>\n","protected":false},"author":4,"featured_media":2866,"comment_status":"open","ping_status":"open","sticky":false,"template":"","format":"standard","meta":{"_uag_custom_page_level_css":"","footnotes":""},"categories":[12],"tags":[],"class_list":["post-2865","post","type-post","status-publish","format-standard","has-post-thumbnail","hentry","category-noticias"],"uagb_featured_image_src":{"full":["https:\/\/crsoriente.cl\/wp-content\/uploads\/2025\/04\/PHOTO-2025-04-21-15-51-27.jpg",1280,960,false],"thumbnail":["https:\/\/crsoriente.cl\/wp-content\/uploads\/2025\/04\/PHOTO-2025-04-21-15-51-27-150x150.jpg",150,150,true],"medium":["https:\/\/crsoriente.cl\/wp-content\/uploads\/2025\/04\/PHOTO-2025-04-21-15-51-27-300x225.jpg",300,225,true],"medium_large":["https:\/\/crsoriente.cl\/wp-content\/uploads\/2025\/04\/PHOTO-2025-04-21-15-51-27-768x576.jpg",640,480,true],"large":["https:\/\/crsoriente.cl\/wp-content\/uploads\/2025\/04\/PHOTO-2025-04-21-15-51-27-1024x768.jpg",640,480,true],"1536x1536":["https:\/\/crsoriente.cl\/wp-content\/uploads\/2025\/04\/PHOTO-2025-04-21-15-51-27.jpg",1280,960,false],"2048x2048":["https:\/\/crsoriente.cl\/wp-content\/uploads\/2025\/04\/PHOTO-2025-04-21-15-51-27.jpg",1280,960,false],"form-edit-image-preview":["https:\/\/crsoriente.cl\/wp-content\/uploads\/2025\/04\/PHOTO-2025-04-21-15-51-27-155x116.jpg",155,116,true]},"uagb_author_info":{"display_name":"Diego M\u00e1nquez Arredondo","author_link":"https:\/\/crsoriente.cl\/?author=4"},"uagb_comment_info":3,"uagb_excerpt":"El pasado lunes 21 de abril, se llev\u00f3 a cabo una&nbsp;importante reuni\u00f3n de coordinaci\u00f3n entre el Centro de Referencia de Salud Cordillera Oriente de Pe\u00f1alol\u00e9n y Carabineros del plan cuadrante, con el objetivo de&nbsp;fortalecer el trabajo conjunto en materia de seguridad y prevenci\u00f3n de hechos de violencia que puedan afectar a la comunidad funcionaria y&hellip;","_links":{"self":[{"href":"https:\/\/crsoriente.cl\/index.php?rest_route=\/wp\/v2\/posts\/2865","targetHints":{"allow":["GET"]}}],"collection":[{"href":"https:\/\/crsoriente.cl\/index.php?rest_route=\/wp\/v2\/posts"}],"about":[{"href":"https:\/\/crsoriente.cl\/index.php?rest_route=\/wp\/v2\/types\/post"}],"author":[{"embeddable":true,"href":"https:\/\/crsoriente.cl\/index.php?rest_route=\/wp\/v2\/users\/4"}],"replies":[{"embeddable":true,"href":"https:\/\/crsoriente.cl\/index.php?rest_route=%2Fwp%2Fv2%2Fcomments&post=2865"}],"version-history":[{"count":1,"href":"https:\/\/crsoriente.cl\/index.php?rest_route=\/wp\/v2\/posts\/2865\/revisions"}],"predecessor-version":[{"id":2867,"href":"https:\/\/crsoriente.cl\/index.php?rest_route=\/wp\/v2\/posts\/2865\/revisions\/2867"}],"wp:featuredmedia":[{"embeddable":true,"href":"https:\/\/crsoriente.cl\/index.php?rest_route=\/wp\/v2\/media\/2866"}],"wp:attachment":[{"href":"https:\/\/crsoriente.cl\/index.php?rest_route=%2Fwp%2Fv2%2Fmedia&parent=2865"}],"wp:term":[{"taxonomy":"category","embeddable":true,"href":"https:\/\/crsoriente.cl\/index.php?rest_route=%2Fwp%2Fv2%2Fcategories&post=2865"},{"taxonomy":"post_tag","embeddable":true,"href":"https:\/\/crsoriente.cl\/index.php?rest_route=%2Fwp%2Fv2%2Ftags&post=2865"}],"curies":[{"name":"wp","href":"https:\/\/api.w.org\/{rel}","templated":true}]}}