{"id":2869,"date":"2025-04-28T09:22:08","date_gmt":"2025-04-28T13:22:08","guid":{"rendered":"https:\/\/crsoriente.cl\/?p=2869"},"modified":"2025-04-28T09:22:08","modified_gmt":"2025-04-28T13:22:08","slug":"crs-se-suma-al-programa-trabajar-con-calidad-de-vida-de-senda","status":"publish","type":"post","link":"https:\/\/crsoriente.cl\/?p=2869","title":{"rendered":"CRS se suma al programa Trabajar con Calidad de Vida de SENDA"},"content":{"rendered":"<div class=\"wp-block-image\">\n<figure class=\"aligncenter size-large\"><img fetchpriority=\"high\" decoding=\"async\" width=\"1024\" height=\"939\" src=\"https:\/\/crsoriente.cl\/wp-content\/uploads\/2025\/04\/IMG_4807-1024x939.jpg\" alt=\"\" class=\"wp-image-2870\" srcset=\"https:\/\/crsoriente.cl\/wp-content\/uploads\/2025\/04\/IMG_4807-1024x939.jpg 1024w, https:\/\/crsoriente.cl\/wp-content\/uploads\/2025\/04\/IMG_4807-300x275.jpg 300w, https:\/\/crsoriente.cl\/wp-content\/uploads\/2025\/04\/IMG_4807-768x704.jpg 768w, https:\/\/crsoriente.cl\/wp-content\/uploads\/2025\/04\/IMG_4807-1536x1409.jpg 1536w, https:\/\/crsoriente.cl\/wp-content\/uploads\/2025\/04\/IMG_4807-2048x1878.jpg 2048w, https:\/\/crsoriente.cl\/wp-content\/uploads\/2025\/04\/IMG_4807-126x116.jpg 126w\" sizes=\"(max-width: 1024px) 100vw, 1024px\" \/><\/figure>\n<\/div>\n\n\n<p>En el marco de nuestro compromiso con el bienestar laboral, el Centro de Referencia de Salud Cordillera Oriente de Pe\u00f1alol\u00e9n ha iniciado la implementaci\u00f3n del&nbsp;<strong>Programa Trabajar con Calidad de Vida<\/strong>, impulsado por&nbsp;<strong>SENDA<\/strong>. Este programa busca fomentar&nbsp;<strong>culturas preventivas<\/strong>&nbsp;en los espacios de trabajo,&nbsp;<strong>promoviendo pr\u00e1cticas y pol\u00edticas que<\/strong><strong>fortalezcan factores protectores<\/strong>&nbsp;y&nbsp;<strong>reduzcan los riesgos<\/strong><strong>asociados al consumo de alcohol y drogas.<\/strong><\/p>\n\n\n\n<p>Desde enero de este a\u00f1o, el CRS postul\u00f3 a este programa, obteniendo un cupo en febrero. En marzo,&nbsp;<strong>el Director Jaime Carvajal formaliz\u00f3 el compromiso mediante la firma del convenio de colaboraci\u00f3n<\/strong>, el cual tendr\u00e1 una duraci\u00f3n de&nbsp;<strong>dos a\u00f1os<\/strong>. En este periodo, se trabajar\u00e1 en la&nbsp;<strong>creaci\u00f3n y consolidaci\u00f3n del Equipo Preventivo Coordinador<\/strong>, instancia clave para la ejecuci\u00f3n de esta iniciativa.<\/p>\n\n\n\n<p>El&nbsp;<strong>24 de abril<\/strong>, se llev\u00f3 a cabo el&nbsp;<strong>hito de lanzamiento<\/strong>&nbsp;del programa en la Regi\u00f3n Metropolitana, contando con la participaci\u00f3n de&nbsp;<strong>62 organizaciones p\u00fablicas y privadas<\/strong>. En esta instancia, adem\u00e1s de dar inicio formal a la implementaci\u00f3n del programa,&nbsp;<strong>se firm\u00f3 un<\/strong>&nbsp;<strong>compromiso conjunto<\/strong>&nbsp;<strong>para construir una cultura organizacional basada en la prevenci\u00f3n.<\/strong><\/p>\n\n\n\n<p>En representaci\u00f3n del CRS, estuvieron presentes&nbsp;<strong>cuatro integrantes del Equipo Preventivo,&nbsp;<\/strong>que lo conforman<strong>&nbsp;la psic\u00f3loga de Calidad de Vida, Catalina Fa\u00fandez, la coordinadora del equipo preventivo Roc\u00edo Arteche, la administrativa de ASPE y Oficina de Partes Natalia R\u00edos y M\u00e1ximo Silva, quien participa como integrante de este equipo previo a su rol como dirigente de la ADEFUN,&nbsp;<\/strong>quienes trav\u00e9s de su labor, construir\u00e1n&nbsp;<strong>una<\/strong>&nbsp;<strong>pol\u00edtica preventiva<\/strong>&nbsp;<strong>que contribuya al bienestar integral de las y los trabajadores<\/strong>, ofreciendo apoyo a quienes requieran orientaci\u00f3n ante situaciones de consumo.<\/p>\n\n\n\n<p>En la jornada, nuestro equipo tuvo la oportunidad de compartir con importantes actores del programa, entre ellos\u00a0<strong>Eduardo Barros<\/strong>, director de\u00a0<strong>SENDA RM<\/strong>, y representantes de\u00a0<strong>SENDA Pe\u00f1alol\u00e9n<\/strong>, quienes nos acompa\u00f1ar\u00e1n en la implementaci\u00f3n de esta iniciativa. Con esta participaci\u00f3n, reafirmamos nuestro compromiso con la\u00a0<strong>creaci\u00f3n de espacios laborales m\u00e1s seguros, saludables y preventivos<\/strong>, consolidando una pol\u00edtica que beneficie a nuestra comunidad.<\/p>\n\n\n\n<p><\/p>\n","protected":false},"excerpt":{"rendered":"<p>En el marco de nuestro compromiso con el bienestar laboral, el Centro de Referencia de Salud Cordillera Oriente de Pe\u00f1alol\u00e9n ha iniciado la implementaci\u00f3n del&nbsp;Programa Trabajar con Calidad de Vida, impulsado por&nbsp;SENDA. Este programa busca fomentar&nbsp;culturas preventivas&nbsp;en los espacios de trabajo,&nbsp;promoviendo pr\u00e1cticas y pol\u00edticas quefortalezcan factores protectores&nbsp;y&nbsp;reduzcan los riesgosasociados al consumo de alcohol y drogas. [&hellip;]<\/p>\n","protected":false},"author":4,"featured_media":2870,"comment_status":"open","ping_status":"open","sticky":false,"template":"","format":"standard","meta":{"_uag_custom_page_level_css":"","footnotes":""},"categories":[12],"tags":[],"class_list":["post-2869","post","type-post","status-publish","format-standard","has-post-thumbnail","hentry","category-noticias"],"uagb_featured_image_src":{"full":["https:\/\/crsoriente.cl\/wp-content\/uploads\/2025\/04\/IMG_4807-scaled.jpg",2560,2348,false],"thumbnail":["https:\/\/crsoriente.cl\/wp-content\/uploads\/2025\/04\/IMG_4807-150x150.jpg",150,150,true],"medium":["https:\/\/crsoriente.cl\/wp-content\/uploads\/2025\/04\/IMG_4807-300x275.jpg",300,275,true],"medium_large":["https:\/\/crsoriente.cl\/wp-content\/uploads\/2025\/04\/IMG_4807-768x704.jpg",640,587,true],"large":["https:\/\/crsoriente.cl\/wp-content\/uploads\/2025\/04\/IMG_4807-1024x939.jpg",640,587,true],"1536x1536":["https:\/\/crsoriente.cl\/wp-content\/uploads\/2025\/04\/IMG_4807-1536x1409.jpg",1536,1409,true],"2048x2048":["https:\/\/crsoriente.cl\/wp-content\/uploads\/2025\/04\/IMG_4807-2048x1878.jpg",2048,1878,true],"form-edit-image-preview":["https:\/\/crsoriente.cl\/wp-content\/uploads\/2025\/04\/IMG_4807-126x116.jpg",126,116,true]},"uagb_author_info":{"display_name":"Diego M\u00e1nquez Arredondo","author_link":"https:\/\/crsoriente.cl\/?author=4"},"uagb_comment_info":6,"uagb_excerpt":"En el marco de nuestro compromiso con el bienestar laboral, el Centro de Referencia de Salud Cordillera Oriente de Pe\u00f1alol\u00e9n ha iniciado la implementaci\u00f3n del&nbsp;Programa Trabajar con Calidad de Vida, impulsado por&nbsp;SENDA. Este programa busca fomentar&nbsp;culturas preventivas&nbsp;en los espacios de trabajo,&nbsp;promoviendo pr\u00e1cticas y pol\u00edticas quefortalezcan factores protectores&nbsp;y&nbsp;reduzcan los riesgosasociados al consumo de alcohol y drogas.&hellip;","_links":{"self":[{"href":"https:\/\/crsoriente.cl\/index.php?rest_route=\/wp\/v2\/posts\/2869","targetHints":{"allow":["GET"]}}],"collection":[{"href":"https:\/\/crsoriente.cl\/index.php?rest_route=\/wp\/v2\/posts"}],"about":[{"href":"https:\/\/crsoriente.cl\/index.php?rest_route=\/wp\/v2\/types\/post"}],"author":[{"embeddable":true,"href":"https:\/\/crsoriente.cl\/index.php?rest_route=\/wp\/v2\/users\/4"}],"replies":[{"embeddable":true,"href":"https:\/\/crsoriente.cl\/index.php?rest_route=%2Fwp%2Fv2%2Fcomments&post=2869"}],"version-history":[{"count":1,"href":"https:\/\/crsoriente.cl\/index.php?rest_route=\/wp\/v2\/posts\/2869\/revisions"}],"predecessor-version":[{"id":2871,"href":"https:\/\/crsoriente.cl\/index.php?rest_route=\/wp\/v2\/posts\/2869\/revisions\/2871"}],"wp:featuredmedia":[{"embeddable":true,"href":"https:\/\/crsoriente.cl\/index.php?rest_route=\/wp\/v2\/media\/2870"}],"wp:attachment":[{"href":"https:\/\/crsoriente.cl\/index.php?rest_route=%2Fwp%2Fv2%2Fmedia&parent=2869"}],"wp:term":[{"taxonomy":"category","embeddable":true,"href":"https:\/\/crsoriente.cl\/index.php?rest_route=%2Fwp%2Fv2%2Fcategories&post=2869"},{"taxonomy":"post_tag","embeddable":true,"href":"https:\/\/crsoriente.cl\/index.php?rest_route=%2Fwp%2Fv2%2Ftags&post=2869"}],"curies":[{"name":"wp","href":"https:\/\/api.w.org\/{rel}","templated":true}]}}