{"id":2940,"date":"2025-05-08T12:45:54","date_gmt":"2025-05-08T16:45:54","guid":{"rendered":"https:\/\/crsoriente.cl\/?p=2940"},"modified":"2025-05-08T12:45:54","modified_gmt":"2025-05-08T16:45:54","slug":"crs-reafirma-su-compromiso-con-la-diversidad-e-inclusion-asistiendo-en-lanzamiento-de-estrategia-del-ssmo","status":"publish","type":"post","link":"https:\/\/crsoriente.cl\/?p=2940","title":{"rendered":"CRS reafirma su compromiso con la diversidad e inclusi\u00f3n asistiendo en lanzamiento de estrategia del SSMO"},"content":{"rendered":"<div class=\"wp-block-image\">\n<figure class=\"aligncenter size-full\"><img fetchpriority=\"high\" decoding=\"async\" width=\"1008\" height=\"756\" src=\"https:\/\/crsoriente.cl\/wp-content\/uploads\/2025\/05\/IMG_5028-1-1.jpeg\" alt=\"\" class=\"wp-image-2941\" srcset=\"https:\/\/crsoriente.cl\/wp-content\/uploads\/2025\/05\/IMG_5028-1-1.jpeg 1008w, https:\/\/crsoriente.cl\/wp-content\/uploads\/2025\/05\/IMG_5028-1-1-300x225.jpeg 300w, https:\/\/crsoriente.cl\/wp-content\/uploads\/2025\/05\/IMG_5028-1-1-768x576.jpeg 768w, https:\/\/crsoriente.cl\/wp-content\/uploads\/2025\/05\/IMG_5028-1-1-155x116.jpeg 155w\" sizes=\"(max-width: 1008px) 100vw, 1008px\" \/><\/figure>\n<\/div>\n\n\n<p>En el auditorio de la <strong>Universidad de Las Am\u00e9ricas<\/strong> se llev\u00f3 a cabo un <strong>evento clave para el futuro de la inclusi\u00f3n en el sector salud. <\/strong>Con la participaci\u00f3n del <strong>equipo directivo del Servicio de Salud Metropolitano Oriente, representantes de los hospitales de la red oriente y la presencia del director del Servicio Civil, y el Jefe de Departamento de Gesti\u00f3n de Personas, Juan Carlos Moreno en representaci\u00f3n del equipo directivo del Centro de Referencia de Salud Cordillera Oriente se reafirm\u00f3 el compromiso con la diversidad y la inclusi\u00f3n.<\/strong><\/p>\n\n\n\n<p>Durante el a\u00f1o 2025, el CRS ha asumido la tarea de <strong>elaborar y formalizar una ruta de inclusi\u00f3n que se estructurar\u00e1 en torno a cuatro ejes fundamentales: Gobernanza, Diagn\u00f3stico, Plan de Acci\u00f3n y Seguimiento. <\/strong>Actualmente, el diagn\u00f3stico se encuentra en proceso de ejecuci\u00f3n, lo que permitir\u00e1 definir las bases sobre las cuales se desarrollar\u00e1 este plan de trabajo.<\/p>\n\n\n\n<p>El objetivo principal de esta estrategia es <strong>sensibilizar y concientizar a la comunidad funcionaria sobre la importancia de reconocer la diversidad y las disidencias sexo-gen\u00e9ricas como un valor estrat\u00e9gico<\/strong>, promoviendo la inclusi\u00f3n en todos los niveles, desde el personal de salud hasta las usuarias y usuarios de nuestros servicios.<\/p>\n\n\n\n<p>Como parte de este compromiso, se ha establecido<strong> la creaci\u00f3n de una campa\u00f1a audiovisual destinada a reforzar estos principios. <\/strong>Ayer se llev\u00f3 a cabo su <strong>lanzamiento oficial, marcando un hito en la implementaci\u00f3n de esta iniciativa.<\/strong> El material ser\u00e1 remitido a nuestra instituci\u00f3n para su uso y difusi\u00f3n, con el prop\u00f3sito de<strong> generar un impacto significativo en la cultura organizacional y fortalecer la equidad dentro de nuestra comunidad.<\/strong><\/p>\n\n\n\n<p>Con esta estrategia, <strong>el CRS da un paso firme hacia la construcci\u00f3n de un entorno m\u00e1s inclusivo y respetuoso, demostrando que la diversidad es un pilar fundamental para una atenci\u00f3n de salud integral y de calidad.<\/strong><\/p>\n","protected":false},"excerpt":{"rendered":"<p>En el auditorio de la Universidad de Las Am\u00e9ricas se llev\u00f3 a cabo un evento clave para el futuro de la inclusi\u00f3n en el sector salud. Con la participaci\u00f3n del equipo directivo del Servicio de Salud Metropolitano Oriente, representantes de los hospitales de la red oriente y la presencia del director del Servicio Civil, y [&hellip;]<\/p>\n","protected":false},"author":4,"featured_media":2941,"comment_status":"open","ping_status":"open","sticky":false,"template":"","format":"standard","meta":{"_uag_custom_page_level_css":"","footnotes":""},"categories":[12],"tags":[],"class_list":["post-2940","post","type-post","status-publish","format-standard","has-post-thumbnail","hentry","category-noticias"],"uagb_featured_image_src":{"full":["https:\/\/crsoriente.cl\/wp-content\/uploads\/2025\/05\/IMG_5028-1-1.jpeg",1008,756,false],"thumbnail":["https:\/\/crsoriente.cl\/wp-content\/uploads\/2025\/05\/IMG_5028-1-1-150x150.jpeg",150,150,true],"medium":["https:\/\/crsoriente.cl\/wp-content\/uploads\/2025\/05\/IMG_5028-1-1-300x225.jpeg",300,225,true],"medium_large":["https:\/\/crsoriente.cl\/wp-content\/uploads\/2025\/05\/IMG_5028-1-1-768x576.jpeg",640,480,true],"large":["https:\/\/crsoriente.cl\/wp-content\/uploads\/2025\/05\/IMG_5028-1-1.jpeg",640,480,false],"1536x1536":["https:\/\/crsoriente.cl\/wp-content\/uploads\/2025\/05\/IMG_5028-1-1.jpeg",1008,756,false],"2048x2048":["https:\/\/crsoriente.cl\/wp-content\/uploads\/2025\/05\/IMG_5028-1-1.jpeg",1008,756,false],"form-edit-image-preview":["https:\/\/crsoriente.cl\/wp-content\/uploads\/2025\/05\/IMG_5028-1-1-155x116.jpeg",155,116,true]},"uagb_author_info":{"display_name":"Diego M\u00e1nquez Arredondo","author_link":"https:\/\/crsoriente.cl\/?author=4"},"uagb_comment_info":0,"uagb_excerpt":"En el auditorio de la Universidad de Las Am\u00e9ricas se llev\u00f3 a cabo un evento clave para el futuro de la inclusi\u00f3n en el sector salud. Con la participaci\u00f3n del equipo directivo del Servicio de Salud Metropolitano Oriente, representantes de los hospitales de la red oriente y la presencia del director del Servicio Civil, y&hellip;","_links":{"self":[{"href":"https:\/\/crsoriente.cl\/index.php?rest_route=\/wp\/v2\/posts\/2940","targetHints":{"allow":["GET"]}}],"collection":[{"href":"https:\/\/crsoriente.cl\/index.php?rest_route=\/wp\/v2\/posts"}],"about":[{"href":"https:\/\/crsoriente.cl\/index.php?rest_route=\/wp\/v2\/types\/post"}],"author":[{"embeddable":true,"href":"https:\/\/crsoriente.cl\/index.php?rest_route=\/wp\/v2\/users\/4"}],"replies":[{"embeddable":true,"href":"https:\/\/crsoriente.cl\/index.php?rest_route=%2Fwp%2Fv2%2Fcomments&post=2940"}],"version-history":[{"count":1,"href":"https:\/\/crsoriente.cl\/index.php?rest_route=\/wp\/v2\/posts\/2940\/revisions"}],"predecessor-version":[{"id":2942,"href":"https:\/\/crsoriente.cl\/index.php?rest_route=\/wp\/v2\/posts\/2940\/revisions\/2942"}],"wp:featuredmedia":[{"embeddable":true,"href":"https:\/\/crsoriente.cl\/index.php?rest_route=\/wp\/v2\/media\/2941"}],"wp:attachment":[{"href":"https:\/\/crsoriente.cl\/index.php?rest_route=%2Fwp%2Fv2%2Fmedia&parent=2940"}],"wp:term":[{"taxonomy":"category","embeddable":true,"href":"https:\/\/crsoriente.cl\/index.php?rest_route=%2Fwp%2Fv2%2Fcategories&post=2940"},{"taxonomy":"post_tag","embeddable":true,"href":"https:\/\/crsoriente.cl\/index.php?rest_route=%2Fwp%2Fv2%2Ftags&post=2940"}],"curies":[{"name":"wp","href":"https:\/\/api.w.org\/{rel}","templated":true}]}}