{"id":2978,"date":"2025-05-16T12:42:42","date_gmt":"2025-05-16T16:42:42","guid":{"rendered":"https:\/\/crsoriente.cl\/?p=2978"},"modified":"2025-05-16T12:44:48","modified_gmt":"2025-05-16T16:44:48","slug":"crs-cordillera-oriente-destaca-en-la-jornada-de-gestion-del-cuidado-del-ssmo","status":"publish","type":"post","link":"https:\/\/crsoriente.cl\/?p=2978","title":{"rendered":"CRS Cordillera Oriente destaca en la Jornada de Gesti\u00f3n del Cuidado del SSMO"},"content":{"rendered":"<div class=\"wp-block-image\">\n<figure class=\"aligncenter size-large\"><img fetchpriority=\"high\" decoding=\"async\" width=\"1024\" height=\"768\" src=\"https:\/\/crsoriente.cl\/wp-content\/uploads\/2025\/05\/WhatsApp-Image-2025-05-16-at-12.37.53-PM-1024x768.jpeg\" alt=\"\" class=\"wp-image-2979\" srcset=\"https:\/\/crsoriente.cl\/wp-content\/uploads\/2025\/05\/WhatsApp-Image-2025-05-16-at-12.37.53-PM-1024x768.jpeg 1024w, https:\/\/crsoriente.cl\/wp-content\/uploads\/2025\/05\/WhatsApp-Image-2025-05-16-at-12.37.53-PM-300x225.jpeg 300w, https:\/\/crsoriente.cl\/wp-content\/uploads\/2025\/05\/WhatsApp-Image-2025-05-16-at-12.37.53-PM-768x576.jpeg 768w, https:\/\/crsoriente.cl\/wp-content\/uploads\/2025\/05\/WhatsApp-Image-2025-05-16-at-12.37.53-PM-1536x1152.jpeg 1536w, https:\/\/crsoriente.cl\/wp-content\/uploads\/2025\/05\/WhatsApp-Image-2025-05-16-at-12.37.53-PM-155x116.jpeg 155w, https:\/\/crsoriente.cl\/wp-content\/uploads\/2025\/05\/WhatsApp-Image-2025-05-16-at-12.37.53-PM.jpeg 1600w\" sizes=\"(max-width: 1024px) 100vw, 1024px\" \/><\/figure>\n<\/div>\n\n\n<p>Referentes del<strong> CRS Cordillera Oriente participaron activamente en la Jornada de Gesti\u00f3n del Cuidado organizada por el Servicio de Salud Metropolitano Oriente (SSMO)<\/strong>, un <strong>encuentro clave para el fortalecimiento del liderazgo en enfermer\u00eda y la optimizaci\u00f3n de estrategias de atenci\u00f3n.<\/strong><\/p>\n\n\n\n<p>El evento, realizado en el <strong>Auditorio de la Universidad Aut\u00f3noma<\/strong>, reuni\u00f3 a d<strong>iversas autoridades y especialistas del \u00e1rea con el objetivo de compartir avances, intercambiar experiencias y difundir buenas pr\u00e1cticas en la gesti\u00f3n del cuidado.<\/strong> Entre los temas abordados destacaron la <strong>optimizaci\u00f3n de listas de espera, el fortalecimiento del liderazgo en salud y el impacto del trabajo de la<\/strong> <strong>Registered Nurses\u2019 Association of Ontario (RNAO)<\/strong>, en el que el CRSCO ha estado trabajando con la gu\u00eda de su l\u00edder <strong>Carolina Mazo<\/strong>.<\/p>\n\n\n<div class=\"wp-block-image\">\n<figure class=\"aligncenter size-large\"><img decoding=\"async\" width=\"1024\" height=\"768\" src=\"https:\/\/crsoriente.cl\/wp-content\/uploads\/2025\/05\/WhatsApp-Image-2025-05-16-at-12.38.07-PM-1024x768.jpeg\" alt=\"\" class=\"wp-image-2980\" srcset=\"https:\/\/crsoriente.cl\/wp-content\/uploads\/2025\/05\/WhatsApp-Image-2025-05-16-at-12.38.07-PM-1024x768.jpeg 1024w, https:\/\/crsoriente.cl\/wp-content\/uploads\/2025\/05\/WhatsApp-Image-2025-05-16-at-12.38.07-PM-300x225.jpeg 300w, https:\/\/crsoriente.cl\/wp-content\/uploads\/2025\/05\/WhatsApp-Image-2025-05-16-at-12.38.07-PM-768x576.jpeg 768w, https:\/\/crsoriente.cl\/wp-content\/uploads\/2025\/05\/WhatsApp-Image-2025-05-16-at-12.38.07-PM-155x116.jpeg 155w, https:\/\/crsoriente.cl\/wp-content\/uploads\/2025\/05\/WhatsApp-Image-2025-05-16-at-12.38.07-PM.jpeg 1280w\" sizes=\"(max-width: 1024px) 100vw, 1024px\" \/><\/figure>\n<\/div>\n\n\n<p>En el marco de esta jornada, la <strong>Subdirectora Cl\u00ednica del CRS<\/strong>, <strong>Viviana Aravena<\/strong> <strong>particip\u00f3 en el panel de conversaci\u00f3n <em>&#8220;Puentes de Cuidado: Conectando experiencias entre niveles de atenci\u00f3n&#8221;<\/em><\/strong>, donde se reflexion\u00f3 sobre estrategias colaborativas para mejorar la atenci\u00f3n en distintos \u00e1mbitos. Asimismo, la <strong>Coordinadora Cl\u00ednico Administrativa de la Unidad de Especialidades Quir\u00fargicas<\/strong>, <strong>Paulina Arriagada<\/strong>, expuso en la charla <em>&#8220;Optimizando la espera: Estrategias de enfermer\u00eda para la gesti\u00f3n de listas&#8221;<\/em>, resaltando herramientas clave para una atenci\u00f3n m\u00e1s eficiente y accesible.<\/p>\n\n\n<div class=\"wp-block-image\">\n<figure class=\"aligncenter size-large\"><img decoding=\"async\" width=\"1024\" height=\"768\" src=\"https:\/\/crsoriente.cl\/wp-content\/uploads\/2025\/05\/WhatsApp-Image-2025-05-16-at-12.38.07-PM-1-1024x768.jpeg\" alt=\"\" class=\"wp-image-2981\" srcset=\"https:\/\/crsoriente.cl\/wp-content\/uploads\/2025\/05\/WhatsApp-Image-2025-05-16-at-12.38.07-PM-1-1024x768.jpeg 1024w, https:\/\/crsoriente.cl\/wp-content\/uploads\/2025\/05\/WhatsApp-Image-2025-05-16-at-12.38.07-PM-1-300x225.jpeg 300w, https:\/\/crsoriente.cl\/wp-content\/uploads\/2025\/05\/WhatsApp-Image-2025-05-16-at-12.38.07-PM-1-768x576.jpeg 768w, https:\/\/crsoriente.cl\/wp-content\/uploads\/2025\/05\/WhatsApp-Image-2025-05-16-at-12.38.07-PM-1-155x116.jpeg 155w, https:\/\/crsoriente.cl\/wp-content\/uploads\/2025\/05\/WhatsApp-Image-2025-05-16-at-12.38.07-PM-1.jpeg 1215w\" sizes=\"(max-width: 1024px) 100vw, 1024px\" \/><\/figure>\n<\/div>\n\n\n<p><strong>Con esta participaci\u00f3n, el CRS Cordillera Oriente reafirma su compromiso con la innovaci\u00f3n en gesti\u00f3n del cuidado, la excelencia en la atenci\u00f3n y el trabajo colaborativo para el bienestar de la comunidad.<\/strong><br><\/p>\n","protected":false},"excerpt":{"rendered":"<p>Referentes del CRS Cordillera Oriente participaron activamente en la Jornada de Gesti\u00f3n del Cuidado organizada por el Servicio de Salud Metropolitano Oriente (SSMO), un encuentro clave para el fortalecimiento del liderazgo en enfermer\u00eda y la optimizaci\u00f3n de estrategias de atenci\u00f3n. El evento, realizado en el Auditorio de la Universidad Aut\u00f3noma, reuni\u00f3 a diversas autoridades y [&hellip;]<\/p>\n","protected":false},"author":4,"featured_media":2979,"comment_status":"open","ping_status":"open","sticky":false,"template":"","format":"standard","meta":{"_uag_custom_page_level_css":"","footnotes":""},"categories":[12],"tags":[],"class_list":["post-2978","post","type-post","status-publish","format-standard","has-post-thumbnail","hentry","category-noticias"],"uagb_featured_image_src":{"full":["https:\/\/crsoriente.cl\/wp-content\/uploads\/2025\/05\/WhatsApp-Image-2025-05-16-at-12.37.53-PM.jpeg",1600,1200,false],"thumbnail":["https:\/\/crsoriente.cl\/wp-content\/uploads\/2025\/05\/WhatsApp-Image-2025-05-16-at-12.37.53-PM-150x150.jpeg",150,150,true],"medium":["https:\/\/crsoriente.cl\/wp-content\/uploads\/2025\/05\/WhatsApp-Image-2025-05-16-at-12.37.53-PM-300x225.jpeg",300,225,true],"medium_large":["https:\/\/crsoriente.cl\/wp-content\/uploads\/2025\/05\/WhatsApp-Image-2025-05-16-at-12.37.53-PM-768x576.jpeg",640,480,true],"large":["https:\/\/crsoriente.cl\/wp-content\/uploads\/2025\/05\/WhatsApp-Image-2025-05-16-at-12.37.53-PM-1024x768.jpeg",640,480,true],"1536x1536":["https:\/\/crsoriente.cl\/wp-content\/uploads\/2025\/05\/WhatsApp-Image-2025-05-16-at-12.37.53-PM-1536x1152.jpeg",1536,1152,true],"2048x2048":["https:\/\/crsoriente.cl\/wp-content\/uploads\/2025\/05\/WhatsApp-Image-2025-05-16-at-12.37.53-PM.jpeg",1600,1200,false],"form-edit-image-preview":["https:\/\/crsoriente.cl\/wp-content\/uploads\/2025\/05\/WhatsApp-Image-2025-05-16-at-12.37.53-PM-155x116.jpeg",155,116,true]},"uagb_author_info":{"display_name":"Diego M\u00e1nquez Arredondo","author_link":"https:\/\/crsoriente.cl\/?author=4"},"uagb_comment_info":0,"uagb_excerpt":"Referentes del CRS Cordillera Oriente participaron activamente en la Jornada de Gesti\u00f3n del Cuidado organizada por el Servicio de Salud Metropolitano Oriente (SSMO), un encuentro clave para el fortalecimiento del liderazgo en enfermer\u00eda y la optimizaci\u00f3n de estrategias de atenci\u00f3n. El evento, realizado en el Auditorio de la Universidad Aut\u00f3noma, reuni\u00f3 a diversas autoridades y&hellip;","_links":{"self":[{"href":"https:\/\/crsoriente.cl\/index.php?rest_route=\/wp\/v2\/posts\/2978","targetHints":{"allow":["GET"]}}],"collection":[{"href":"https:\/\/crsoriente.cl\/index.php?rest_route=\/wp\/v2\/posts"}],"about":[{"href":"https:\/\/crsoriente.cl\/index.php?rest_route=\/wp\/v2\/types\/post"}],"author":[{"embeddable":true,"href":"https:\/\/crsoriente.cl\/index.php?rest_route=\/wp\/v2\/users\/4"}],"replies":[{"embeddable":true,"href":"https:\/\/crsoriente.cl\/index.php?rest_route=%2Fwp%2Fv2%2Fcomments&post=2978"}],"version-history":[{"count":2,"href":"https:\/\/crsoriente.cl\/index.php?rest_route=\/wp\/v2\/posts\/2978\/revisions"}],"predecessor-version":[{"id":2983,"href":"https:\/\/crsoriente.cl\/index.php?rest_route=\/wp\/v2\/posts\/2978\/revisions\/2983"}],"wp:featuredmedia":[{"embeddable":true,"href":"https:\/\/crsoriente.cl\/index.php?rest_route=\/wp\/v2\/media\/2979"}],"wp:attachment":[{"href":"https:\/\/crsoriente.cl\/index.php?rest_route=%2Fwp%2Fv2%2Fmedia&parent=2978"}],"wp:term":[{"taxonomy":"category","embeddable":true,"href":"https:\/\/crsoriente.cl\/index.php?rest_route=%2Fwp%2Fv2%2Fcategories&post=2978"},{"taxonomy":"post_tag","embeddable":true,"href":"https:\/\/crsoriente.cl\/index.php?rest_route=%2Fwp%2Fv2%2Ftags&post=2978"}],"curies":[{"name":"wp","href":"https:\/\/api.w.org\/{rel}","templated":true}]}}