{"id":3460,"date":"2025-08-26T11:04:16","date_gmt":"2025-08-26T15:04:16","guid":{"rendered":"https:\/\/crsoriente.cl\/?p=3460"},"modified":"2025-08-26T11:04:16","modified_gmt":"2025-08-26T15:04:16","slug":"crs-cordillera-oriente-despide-a-isabel-bustos-tras-anos-de-servicio-en-la-unidad-dental","status":"publish","type":"post","link":"https:\/\/crsoriente.cl\/?p=3460","title":{"rendered":"CRS Cordillera Oriente despide a Isabel Bustos tras a\u00f1os de servicio en la Unidad Dental"},"content":{"rendered":"<div class=\"wp-block-image\">\n<figure class=\"aligncenter size-large\"><img fetchpriority=\"high\" decoding=\"async\" width=\"1024\" height=\"768\" src=\"https:\/\/crsoriente.cl\/wp-content\/uploads\/2025\/08\/WhatsApp-Image-2025-08-26-at-10.05.17-AM-1-1024x768.jpeg\" alt=\"\" class=\"wp-image-3461\" srcset=\"https:\/\/crsoriente.cl\/wp-content\/uploads\/2025\/08\/WhatsApp-Image-2025-08-26-at-10.05.17-AM-1-1024x768.jpeg 1024w, https:\/\/crsoriente.cl\/wp-content\/uploads\/2025\/08\/WhatsApp-Image-2025-08-26-at-10.05.17-AM-1-300x225.jpeg 300w, https:\/\/crsoriente.cl\/wp-content\/uploads\/2025\/08\/WhatsApp-Image-2025-08-26-at-10.05.17-AM-1-768x576.jpeg 768w, https:\/\/crsoriente.cl\/wp-content\/uploads\/2025\/08\/WhatsApp-Image-2025-08-26-at-10.05.17-AM-1-1536x1152.jpeg 1536w, https:\/\/crsoriente.cl\/wp-content\/uploads\/2025\/08\/WhatsApp-Image-2025-08-26-at-10.05.17-AM-1-155x116.jpeg 155w, https:\/\/crsoriente.cl\/wp-content\/uploads\/2025\/08\/WhatsApp-Image-2025-08-26-at-10.05.17-AM-1.jpeg 1600w\" sizes=\"(max-width: 1024px) 100vw, 1024px\" \/><\/figure>\n<\/div>\n\n\n<p>El pasado jueves 21 de agosto se llev\u00f3 a cabo una <strong>emotiva ceremonia de despedida en honor a Isabel Bustos Taiba, funcionaria del CRS Cordillera Oriente que se desempe\u00f1\u00f3 como T\u00e9cnico en Odontolog\u00eda en la Unidad Dental.\u00a0<\/strong><\/p>\n\n\n\n<p>Tras a\u00f1os de servicio,<strong> Isabel culmina su trayectoria profesional acogida al incentivo al retiro voluntario establecido por la Ley 20.986.<\/strong><\/p>\n\n\n<div class=\"wp-block-image\">\n<figure class=\"aligncenter size-large\"><img decoding=\"async\" width=\"1024\" height=\"768\" src=\"https:\/\/crsoriente.cl\/wp-content\/uploads\/2025\/08\/WhatsApp-Image-2025-08-26-at-10.05.16-AM-1024x768.jpeg\" alt=\"\" class=\"wp-image-3462\" srcset=\"https:\/\/crsoriente.cl\/wp-content\/uploads\/2025\/08\/WhatsApp-Image-2025-08-26-at-10.05.16-AM-1024x768.jpeg 1024w, https:\/\/crsoriente.cl\/wp-content\/uploads\/2025\/08\/WhatsApp-Image-2025-08-26-at-10.05.16-AM-300x225.jpeg 300w, https:\/\/crsoriente.cl\/wp-content\/uploads\/2025\/08\/WhatsApp-Image-2025-08-26-at-10.05.16-AM-768x576.jpeg 768w, https:\/\/crsoriente.cl\/wp-content\/uploads\/2025\/08\/WhatsApp-Image-2025-08-26-at-10.05.16-AM-1536x1152.jpeg 1536w, https:\/\/crsoriente.cl\/wp-content\/uploads\/2025\/08\/WhatsApp-Image-2025-08-26-at-10.05.16-AM-155x116.jpeg 155w, https:\/\/crsoriente.cl\/wp-content\/uploads\/2025\/08\/WhatsApp-Image-2025-08-26-at-10.05.16-AM.jpeg 1600w\" sizes=\"(max-width: 1024px) 100vw, 1024px\" \/><\/figure>\n<\/div>\n\n\n<p>La ceremonia cont\u00f3 con la presencia de sus compa\u00f1eros de Unidad, representantes de los gremios del CRS y el equipo directivo, quienes se reunieron para <strong>rendir homenaje a una funcionaria que dej\u00f3 una huella profunda en la instituci\u00f3n.<\/strong> Durante el encuentro, se le entregaron <strong>reconocimientos y obsequios como muestra de gratitud por su dedicaci\u00f3n, profesionalismo y calidad humana.<\/strong><\/p>\n\n\n\n<p><strong>Isabel Bustos fue ampliamente valorada por su compromiso con el servicio p\u00fablico y por el cari\u00f1o que supo cultivar entre sus colegas. <\/strong>Su retiro marca el <strong>inicio de una nueva etapa: el j\u00fabilo<\/strong>, y deja tras de s\u00ed un <strong>legado de vocaci\u00f3n y entrega que ser\u00e1 recordado por todos quienes compartieron labores con ella.<\/strong><\/p>\n\n\n\n<p><strong>Desde el CRS Cordillera Oriente, extendemos nuestro agradecimiento y mejores deseos para Isabel en esta nueva etapa de su vida \u00a1Muchas gracias por tu entrega en nuestra instituci\u00f3n!<\/strong><\/p>\n","protected":false},"excerpt":{"rendered":"<p>El pasado jueves 21 de agosto se llev\u00f3 a cabo una emotiva ceremonia de despedida en honor a Isabel Bustos Taiba, funcionaria del CRS Cordillera Oriente que se desempe\u00f1\u00f3 como T\u00e9cnico en Odontolog\u00eda en la Unidad Dental.\u00a0 Tras a\u00f1os de servicio, Isabel culmina su trayectoria profesional acogida al incentivo al retiro voluntario establecido por la [&hellip;]<\/p>\n","protected":false},"author":4,"featured_media":3461,"comment_status":"open","ping_status":"open","sticky":false,"template":"","format":"standard","meta":{"_uag_custom_page_level_css":"","footnotes":""},"categories":[1],"tags":[],"class_list":["post-3460","post","type-post","status-publish","format-standard","has-post-thumbnail","hentry","category-uncategorized"],"uagb_featured_image_src":{"full":["https:\/\/crsoriente.cl\/wp-content\/uploads\/2025\/08\/WhatsApp-Image-2025-08-26-at-10.05.17-AM-1.jpeg",1600,1200,false],"thumbnail":["https:\/\/crsoriente.cl\/wp-content\/uploads\/2025\/08\/WhatsApp-Image-2025-08-26-at-10.05.17-AM-1-150x150.jpeg",150,150,true],"medium":["https:\/\/crsoriente.cl\/wp-content\/uploads\/2025\/08\/WhatsApp-Image-2025-08-26-at-10.05.17-AM-1-300x225.jpeg",300,225,true],"medium_large":["https:\/\/crsoriente.cl\/wp-content\/uploads\/2025\/08\/WhatsApp-Image-2025-08-26-at-10.05.17-AM-1-768x576.jpeg",640,480,true],"large":["https:\/\/crsoriente.cl\/wp-content\/uploads\/2025\/08\/WhatsApp-Image-2025-08-26-at-10.05.17-AM-1-1024x768.jpeg",640,480,true],"1536x1536":["https:\/\/crsoriente.cl\/wp-content\/uploads\/2025\/08\/WhatsApp-Image-2025-08-26-at-10.05.17-AM-1-1536x1152.jpeg",1536,1152,true],"2048x2048":["https:\/\/crsoriente.cl\/wp-content\/uploads\/2025\/08\/WhatsApp-Image-2025-08-26-at-10.05.17-AM-1.jpeg",1600,1200,false],"form-edit-image-preview":["https:\/\/crsoriente.cl\/wp-content\/uploads\/2025\/08\/WhatsApp-Image-2025-08-26-at-10.05.17-AM-1-155x116.jpeg",155,116,true]},"uagb_author_info":{"display_name":"Diego M\u00e1nquez Arredondo","author_link":"https:\/\/crsoriente.cl\/?author=4"},"uagb_comment_info":0,"uagb_excerpt":"El pasado jueves 21 de agosto se llev\u00f3 a cabo una emotiva ceremonia de despedida en honor a Isabel Bustos Taiba, funcionaria del CRS Cordillera Oriente que se desempe\u00f1\u00f3 como T\u00e9cnico en Odontolog\u00eda en la Unidad Dental.\u00a0 Tras a\u00f1os de servicio, Isabel culmina su trayectoria profesional acogida al incentivo al retiro voluntario establecido por la&hellip;","_links":{"self":[{"href":"https:\/\/crsoriente.cl\/index.php?rest_route=\/wp\/v2\/posts\/3460","targetHints":{"allow":["GET"]}}],"collection":[{"href":"https:\/\/crsoriente.cl\/index.php?rest_route=\/wp\/v2\/posts"}],"about":[{"href":"https:\/\/crsoriente.cl\/index.php?rest_route=\/wp\/v2\/types\/post"}],"author":[{"embeddable":true,"href":"https:\/\/crsoriente.cl\/index.php?rest_route=\/wp\/v2\/users\/4"}],"replies":[{"embeddable":true,"href":"https:\/\/crsoriente.cl\/index.php?rest_route=%2Fwp%2Fv2%2Fcomments&post=3460"}],"version-history":[{"count":1,"href":"https:\/\/crsoriente.cl\/index.php?rest_route=\/wp\/v2\/posts\/3460\/revisions"}],"predecessor-version":[{"id":3463,"href":"https:\/\/crsoriente.cl\/index.php?rest_route=\/wp\/v2\/posts\/3460\/revisions\/3463"}],"wp:featuredmedia":[{"embeddable":true,"href":"https:\/\/crsoriente.cl\/index.php?rest_route=\/wp\/v2\/media\/3461"}],"wp:attachment":[{"href":"https:\/\/crsoriente.cl\/index.php?rest_route=%2Fwp%2Fv2%2Fmedia&parent=3460"}],"wp:term":[{"taxonomy":"category","embeddable":true,"href":"https:\/\/crsoriente.cl\/index.php?rest_route=%2Fwp%2Fv2%2Fcategories&post=3460"},{"taxonomy":"post_tag","embeddable":true,"href":"https:\/\/crsoriente.cl\/index.php?rest_route=%2Fwp%2Fv2%2Ftags&post=3460"}],"curies":[{"name":"wp","href":"https:\/\/api.w.org\/{rel}","templated":true}]}}