{"id":3498,"date":"2025-09-01T12:29:44","date_gmt":"2025-09-01T16:29:44","guid":{"rendered":"https:\/\/crsoriente.cl\/?p=3498"},"modified":"2025-09-01T12:29:44","modified_gmt":"2025-09-01T16:29:44","slug":"crs-cordillera-oriente-realiza-exitosa-jornada-de-reflexion-tras-un-ano-de-implementacion-de-la-ley-karin","status":"publish","type":"post","link":"https:\/\/crsoriente.cl\/?p=3498","title":{"rendered":"CRS Cordillera Oriente realiza exitosa jornada de reflexi\u00f3n tras un a\u00f1o de implementaci\u00f3n de la Ley Karin"},"content":{"rendered":"<div class=\"wp-block-image\">\n<figure class=\"aligncenter size-large\"><img fetchpriority=\"high\" decoding=\"async\" width=\"1024\" height=\"768\" src=\"https:\/\/crsoriente.cl\/wp-content\/uploads\/2025\/09\/IMG_5727-min-1-1024x768.jpeg\" alt=\"\" class=\"wp-image-3500\" srcset=\"https:\/\/crsoriente.cl\/wp-content\/uploads\/2025\/09\/IMG_5727-min-1-1024x768.jpeg 1024w, https:\/\/crsoriente.cl\/wp-content\/uploads\/2025\/09\/IMG_5727-min-1-300x225.jpeg 300w, https:\/\/crsoriente.cl\/wp-content\/uploads\/2025\/09\/IMG_5727-min-1-768x576.jpeg 768w, https:\/\/crsoriente.cl\/wp-content\/uploads\/2025\/09\/IMG_5727-min-1-1536x1152.jpeg 1536w, https:\/\/crsoriente.cl\/wp-content\/uploads\/2025\/09\/IMG_5727-min-1-2048x1536.jpeg 2048w, https:\/\/crsoriente.cl\/wp-content\/uploads\/2025\/09\/IMG_5727-min-1-155x116.jpeg 155w\" sizes=\"(max-width: 1024px) 100vw, 1024px\" \/><\/figure>\n<\/div>\n\n\n<p>El pasado 21 de agosto, el <strong>CRS Cordillera Oriente llev\u00f3 a cabo una jornada de reflexi\u00f3n en el complejo ACHS de La Florida<\/strong>, con motivo del <strong>primer aniversario de la implementaci\u00f3n de la Ley Karin.<\/strong> Esta instancia tuvo como objetivo principal <strong>evaluar los procesos internos relacionados con la aplicaci\u00f3n de dicha ley y generar propuestas concretas de mejora<\/strong>, en el marco de un <strong>compromiso institucional por fortalecer el bienestar laboral y prevenir la violencia ejercida por terceros.<\/strong><\/p>\n\n\n\n<p>La jornada fue convocada por la <strong>Direcci\u00f3n del CRS<\/strong> y cont\u00f3 con la participaci\u00f3n activa del <strong>Equipo Directivo, Asesor\u00eda Jur\u00eddica, el equipo de Calidad de Vida, los gremios ADEFUN, APRUS y APROLMED<\/strong>, adem\u00e1s de la <strong>mesa de seguridad institucional<\/strong>. Todos estos <strong>actores clave se reunieron en un ambiente de respeto, escucha activa y disposici\u00f3n al di\u00e1logo, valorando las distintas miradas como un aporte fundamental para la construcci\u00f3n colectiva de soluciones.<\/strong><\/p>\n\n\n<div class=\"wp-block-image\">\n<figure class=\"aligncenter size-large\"><img decoding=\"async\" width=\"1024\" height=\"768\" src=\"https:\/\/crsoriente.cl\/wp-content\/uploads\/2025\/09\/IMG_5718-min-1024x768.jpeg\" alt=\"\" class=\"wp-image-3502\" srcset=\"https:\/\/crsoriente.cl\/wp-content\/uploads\/2025\/09\/IMG_5718-min-1024x768.jpeg 1024w, https:\/\/crsoriente.cl\/wp-content\/uploads\/2025\/09\/IMG_5718-min-300x225.jpeg 300w, https:\/\/crsoriente.cl\/wp-content\/uploads\/2025\/09\/IMG_5718-min-768x576.jpeg 768w, https:\/\/crsoriente.cl\/wp-content\/uploads\/2025\/09\/IMG_5718-min-1536x1152.jpeg 1536w, https:\/\/crsoriente.cl\/wp-content\/uploads\/2025\/09\/IMG_5718-min-2048x1536.jpeg 2048w, https:\/\/crsoriente.cl\/wp-content\/uploads\/2025\/09\/IMG_5718-min-155x116.jpeg 155w\" sizes=\"(max-width: 1024px) 100vw, 1024px\" \/><\/figure>\n<\/div>\n\n\n<p>Durante el encuentro se abordaron<strong> diversas tem\u00e1ticas<\/strong>, entre ellas los <strong>roles y flujos de los procesos de denuncia contemplados en la Ley Karin<\/strong>, el <strong>papel de la mesa de seguridad en la prevenci\u00f3n de la violencia externa<\/strong>, y la<strong> revisi\u00f3n de material reflexivo que permiti\u00f3 profundizar en los desaf\u00edos actuales<\/strong>. Asimismo, se trabaj\u00f3 en la <strong>identificaci\u00f3n de fortalezas, debilidades y oportunidades de mejora, con el fin de transparentar roles y responsabilidades, y fortalecer la confianza y participaci\u00f3n de los distintos agentes de la organizaci\u00f3n.<\/strong><\/p>\n\n\n\n<p>El CRS Cordillera Oriente destac\u00f3 el<strong> \u00e9xito de la jornada<\/strong>, subrayando su<strong> compromiso con la construcci\u00f3n de un entorno laboral m\u00e1s seguro, humano y colaborativo.<\/strong> Esta instancia no solo <strong>permiti\u00f3 revisar lo avanzado en el \u00faltimo a\u00f1o, sino que tambi\u00e9n traz\u00f3 un camino claro hacia el fortalecimiento institucional y el bienestar de toda la comunidad funcionaria.<\/strong><\/p>\n\n\n\n<p><\/p>\n","protected":false},"excerpt":{"rendered":"<p>El pasado 21 de agosto, el CRS Cordillera Oriente llev\u00f3 a cabo una jornada de reflexi\u00f3n en el complejo ACHS de La Florida, con motivo del primer aniversario de la implementaci\u00f3n de la Ley Karin. Esta instancia tuvo como objetivo principal evaluar los procesos internos relacionados con la aplicaci\u00f3n de dicha ley y generar propuestas [&hellip;]<\/p>\n","protected":false},"author":4,"featured_media":3500,"comment_status":"open","ping_status":"open","sticky":false,"template":"","format":"standard","meta":{"_uag_custom_page_level_css":"","footnotes":""},"categories":[12],"tags":[],"class_list":["post-3498","post","type-post","status-publish","format-standard","has-post-thumbnail","hentry","category-noticias"],"uagb_featured_image_src":{"full":["https:\/\/crsoriente.cl\/wp-content\/uploads\/2025\/09\/IMG_5727-min-1-scaled.jpeg",2560,1920,false],"thumbnail":["https:\/\/crsoriente.cl\/wp-content\/uploads\/2025\/09\/IMG_5727-min-1-150x150.jpeg",150,150,true],"medium":["https:\/\/crsoriente.cl\/wp-content\/uploads\/2025\/09\/IMG_5727-min-1-300x225.jpeg",300,225,true],"medium_large":["https:\/\/crsoriente.cl\/wp-content\/uploads\/2025\/09\/IMG_5727-min-1-768x576.jpeg",640,480,true],"large":["https:\/\/crsoriente.cl\/wp-content\/uploads\/2025\/09\/IMG_5727-min-1-1024x768.jpeg",640,480,true],"1536x1536":["https:\/\/crsoriente.cl\/wp-content\/uploads\/2025\/09\/IMG_5727-min-1-1536x1152.jpeg",1536,1152,true],"2048x2048":["https:\/\/crsoriente.cl\/wp-content\/uploads\/2025\/09\/IMG_5727-min-1-2048x1536.jpeg",2048,1536,true],"form-edit-image-preview":["https:\/\/crsoriente.cl\/wp-content\/uploads\/2025\/09\/IMG_5727-min-1-155x116.jpeg",155,116,true]},"uagb_author_info":{"display_name":"Diego M\u00e1nquez Arredondo","author_link":"https:\/\/crsoriente.cl\/?author=4"},"uagb_comment_info":0,"uagb_excerpt":"El pasado 21 de agosto, el CRS Cordillera Oriente llev\u00f3 a cabo una jornada de reflexi\u00f3n en el complejo ACHS de La Florida, con motivo del primer aniversario de la implementaci\u00f3n de la Ley Karin. Esta instancia tuvo como objetivo principal evaluar los procesos internos relacionados con la aplicaci\u00f3n de dicha ley y generar propuestas&hellip;","_links":{"self":[{"href":"https:\/\/crsoriente.cl\/index.php?rest_route=\/wp\/v2\/posts\/3498","targetHints":{"allow":["GET"]}}],"collection":[{"href":"https:\/\/crsoriente.cl\/index.php?rest_route=\/wp\/v2\/posts"}],"about":[{"href":"https:\/\/crsoriente.cl\/index.php?rest_route=\/wp\/v2\/types\/post"}],"author":[{"embeddable":true,"href":"https:\/\/crsoriente.cl\/index.php?rest_route=\/wp\/v2\/users\/4"}],"replies":[{"embeddable":true,"href":"https:\/\/crsoriente.cl\/index.php?rest_route=%2Fwp%2Fv2%2Fcomments&post=3498"}],"version-history":[{"count":2,"href":"https:\/\/crsoriente.cl\/index.php?rest_route=\/wp\/v2\/posts\/3498\/revisions"}],"predecessor-version":[{"id":3503,"href":"https:\/\/crsoriente.cl\/index.php?rest_route=\/wp\/v2\/posts\/3498\/revisions\/3503"}],"wp:featuredmedia":[{"embeddable":true,"href":"https:\/\/crsoriente.cl\/index.php?rest_route=\/wp\/v2\/media\/3500"}],"wp:attachment":[{"href":"https:\/\/crsoriente.cl\/index.php?rest_route=%2Fwp%2Fv2%2Fmedia&parent=3498"}],"wp:term":[{"taxonomy":"category","embeddable":true,"href":"https:\/\/crsoriente.cl\/index.php?rest_route=%2Fwp%2Fv2%2Fcategories&post=3498"},{"taxonomy":"post_tag","embeddable":true,"href":"https:\/\/crsoriente.cl\/index.php?rest_route=%2Fwp%2Fv2%2Ftags&post=3498"}],"curies":[{"name":"wp","href":"https:\/\/api.w.org\/{rel}","templated":true}]}}