{"id":3507,"date":"2025-09-03T14:28:47","date_gmt":"2025-09-03T18:28:47","guid":{"rendered":"https:\/\/crsoriente.cl\/?p=3507"},"modified":"2025-09-03T14:28:47","modified_gmt":"2025-09-03T18:28:47","slug":"crs-celebra-20-anos-de-alianza-estrategica-con-la-achs","status":"publish","type":"post","link":"https:\/\/crsoriente.cl\/?p=3507","title":{"rendered":"CRS celebra 20 a\u00f1os de alianza estrat\u00e9gica con la ACHS"},"content":{"rendered":"<div class=\"wp-block-image\">\n<figure class=\"aligncenter size-large\"><img fetchpriority=\"high\" decoding=\"async\" width=\"1024\" height=\"768\" src=\"https:\/\/crsoriente.cl\/wp-content\/uploads\/2025\/09\/WhatsApp-Image-2025-09-03-at-2.21.36-PM-1024x768.jpeg\" alt=\"\" class=\"wp-image-3508\" srcset=\"https:\/\/crsoriente.cl\/wp-content\/uploads\/2025\/09\/WhatsApp-Image-2025-09-03-at-2.21.36-PM-1024x768.jpeg 1024w, https:\/\/crsoriente.cl\/wp-content\/uploads\/2025\/09\/WhatsApp-Image-2025-09-03-at-2.21.36-PM-300x225.jpeg 300w, https:\/\/crsoriente.cl\/wp-content\/uploads\/2025\/09\/WhatsApp-Image-2025-09-03-at-2.21.36-PM-768x576.jpeg 768w, https:\/\/crsoriente.cl\/wp-content\/uploads\/2025\/09\/WhatsApp-Image-2025-09-03-at-2.21.36-PM-1536x1152.jpeg 1536w, https:\/\/crsoriente.cl\/wp-content\/uploads\/2025\/09\/WhatsApp-Image-2025-09-03-at-2.21.36-PM-155x116.jpeg 155w, https:\/\/crsoriente.cl\/wp-content\/uploads\/2025\/09\/WhatsApp-Image-2025-09-03-at-2.21.36-PM.jpeg 1600w\" sizes=\"(max-width: 1024px) 100vw, 1024px\" \/><\/figure>\n<\/div>\n\n\n<p>En una importante ceremonia realizada en el <strong>Hospital del Trabajador<\/strong>, el <strong>Director del Centro de Referencia de Salud Cordillera Oriente<\/strong>, <strong>Jaime Carvajal Y\u00e1\u00f1ez<\/strong>, acompa\u00f1ado de la <strong>Jefa de Calidad de Vida, Darling Salgado y el Prevencionista Cristi\u00e1n Vilches<\/strong> participaron en la <strong>conmemoraci\u00f3n de los 20 a\u00f1os de alianza estrat\u00e9gica entre el CRS y la Asociaci\u00f3n Chilena de Seguridad (ACHS).<\/strong><\/p>\n\n\n\n<p>Durante el evento, se le hizo<strong> entrega de un reconocimiento por las dos d\u00e9cadas de colaboraci\u00f3n y trabajo conjunto<\/strong>, <strong>destacando el compromiso sostenido en la promoci\u00f3n de ambientes laborales seguros y saludables.<\/strong><\/p>\n\n\n\n<p>Desde su fundaci\u00f3n, <strong>el CRS ha mantenido una relaci\u00f3n firme y constante con la ACHS<\/strong>, basada en la <strong>confianza, el profesionalismo y la visi\u00f3n compartida de proteger la salud de los trabajadores.<\/strong> Esta alianza ha permitido<strong> implementar pol\u00edticas preventivas, fortalecer la cultura de seguridad y brindar atenci\u00f3n especializada en casos de accidentes laborales y enfermedades profesionales.<\/strong><\/p>\n\n\n\n<p>Gracias a esta colaboraci\u00f3n, <strong>la comunidad funcionaria del CRS ha podido acceder a m\u00faltiples beneficios que ofrece la ACHS<\/strong>, entre ellos <strong>atenci\u00f3n m\u00e9dica gratuita en caso de accidentes laborales, subsidios por incapacidad temporal, pensiones por invalidez, y acceso preferente al Hospital del Trabajador ACHS. <\/strong>Adem\u00e1s, se han desarrollado <strong>programas de capacitaci\u00f3n en seguridad laboral, salud mental y ergonom\u00eda<\/strong>, junto con <strong>beneficios adicionales como descuentos en farmacias, actividades recreativas y asesor\u00edas preventivas.<\/strong><\/p>\n\n\n\n<p>Este hito <strong>reafirma el compromiso del CRS Cordillera Oriente de Pe\u00f1alol\u00e9n con el bienestar integral de sus trabajadores<\/strong>, reconociendo que<strong> la seguridad y la salud laboral son pilares fundamentales para construir una instituci\u00f3n s\u00f3lida, humana y al servicio de la comunidad.<\/strong> La alianza con la ACHS seguir\u00e1 siendo un motor clave para <strong>avanzar hacia entornos laborales cada vez m\u00e1s seguros, colaborativos y resilientes.<\/strong><\/p>\n\n\n\n<p><\/p>\n","protected":false},"excerpt":{"rendered":"<p>En una importante ceremonia realizada en el Hospital del Trabajador, el Director del Centro de Referencia de Salud Cordillera Oriente, Jaime Carvajal Y\u00e1\u00f1ez, acompa\u00f1ado de la Jefa de Calidad de Vida, Darling Salgado y el Prevencionista Cristi\u00e1n Vilches participaron en la conmemoraci\u00f3n de los 20 a\u00f1os de alianza estrat\u00e9gica entre el CRS y la Asociaci\u00f3n [&hellip;]<\/p>\n","protected":false},"author":4,"featured_media":3508,"comment_status":"open","ping_status":"open","sticky":false,"template":"","format":"standard","meta":{"_uag_custom_page_level_css":"","footnotes":""},"categories":[12],"tags":[],"class_list":["post-3507","post","type-post","status-publish","format-standard","has-post-thumbnail","hentry","category-noticias"],"uagb_featured_image_src":{"full":["https:\/\/crsoriente.cl\/wp-content\/uploads\/2025\/09\/WhatsApp-Image-2025-09-03-at-2.21.36-PM.jpeg",1600,1200,false],"thumbnail":["https:\/\/crsoriente.cl\/wp-content\/uploads\/2025\/09\/WhatsApp-Image-2025-09-03-at-2.21.36-PM-150x150.jpeg",150,150,true],"medium":["https:\/\/crsoriente.cl\/wp-content\/uploads\/2025\/09\/WhatsApp-Image-2025-09-03-at-2.21.36-PM-300x225.jpeg",300,225,true],"medium_large":["https:\/\/crsoriente.cl\/wp-content\/uploads\/2025\/09\/WhatsApp-Image-2025-09-03-at-2.21.36-PM-768x576.jpeg",640,480,true],"large":["https:\/\/crsoriente.cl\/wp-content\/uploads\/2025\/09\/WhatsApp-Image-2025-09-03-at-2.21.36-PM-1024x768.jpeg",640,480,true],"1536x1536":["https:\/\/crsoriente.cl\/wp-content\/uploads\/2025\/09\/WhatsApp-Image-2025-09-03-at-2.21.36-PM-1536x1152.jpeg",1536,1152,true],"2048x2048":["https:\/\/crsoriente.cl\/wp-content\/uploads\/2025\/09\/WhatsApp-Image-2025-09-03-at-2.21.36-PM.jpeg",1600,1200,false],"form-edit-image-preview":["https:\/\/crsoriente.cl\/wp-content\/uploads\/2025\/09\/WhatsApp-Image-2025-09-03-at-2.21.36-PM-155x116.jpeg",155,116,true]},"uagb_author_info":{"display_name":"Diego M\u00e1nquez Arredondo","author_link":"https:\/\/crsoriente.cl\/?author=4"},"uagb_comment_info":0,"uagb_excerpt":"En una importante ceremonia realizada en el Hospital del Trabajador, el Director del Centro de Referencia de Salud Cordillera Oriente, Jaime Carvajal Y\u00e1\u00f1ez, acompa\u00f1ado de la Jefa de Calidad de Vida, Darling Salgado y el Prevencionista Cristi\u00e1n Vilches participaron en la conmemoraci\u00f3n de los 20 a\u00f1os de alianza estrat\u00e9gica entre el CRS y la Asociaci\u00f3n&hellip;","_links":{"self":[{"href":"https:\/\/crsoriente.cl\/index.php?rest_route=\/wp\/v2\/posts\/3507","targetHints":{"allow":["GET"]}}],"collection":[{"href":"https:\/\/crsoriente.cl\/index.php?rest_route=\/wp\/v2\/posts"}],"about":[{"href":"https:\/\/crsoriente.cl\/index.php?rest_route=\/wp\/v2\/types\/post"}],"author":[{"embeddable":true,"href":"https:\/\/crsoriente.cl\/index.php?rest_route=\/wp\/v2\/users\/4"}],"replies":[{"embeddable":true,"href":"https:\/\/crsoriente.cl\/index.php?rest_route=%2Fwp%2Fv2%2Fcomments&post=3507"}],"version-history":[{"count":1,"href":"https:\/\/crsoriente.cl\/index.php?rest_route=\/wp\/v2\/posts\/3507\/revisions"}],"predecessor-version":[{"id":3509,"href":"https:\/\/crsoriente.cl\/index.php?rest_route=\/wp\/v2\/posts\/3507\/revisions\/3509"}],"wp:featuredmedia":[{"embeddable":true,"href":"https:\/\/crsoriente.cl\/index.php?rest_route=\/wp\/v2\/media\/3508"}],"wp:attachment":[{"href":"https:\/\/crsoriente.cl\/index.php?rest_route=%2Fwp%2Fv2%2Fmedia&parent=3507"}],"wp:term":[{"taxonomy":"category","embeddable":true,"href":"https:\/\/crsoriente.cl\/index.php?rest_route=%2Fwp%2Fv2%2Fcategories&post=3507"},{"taxonomy":"post_tag","embeddable":true,"href":"https:\/\/crsoriente.cl\/index.php?rest_route=%2Fwp%2Fv2%2Ftags&post=3507"}],"curies":[{"name":"wp","href":"https:\/\/api.w.org\/{rel}","templated":true}]}}