{"id":3634,"date":"2025-10-20T13:01:38","date_gmt":"2025-10-20T17:01:38","guid":{"rendered":"https:\/\/crsoriente.cl\/?p=3634"},"modified":"2025-10-20T13:01:38","modified_gmt":"2025-10-20T17:01:38","slug":"crs-cordillera-oriente-realiza-exitosa-feria-de-la-seguridad-junto-al-hospital-luis-tisne","status":"publish","type":"post","link":"https:\/\/crsoriente.cl\/?p=3634","title":{"rendered":"CRS Cordillera Oriente realiza exitosa Feria de la Seguridad junto al Hospital Luis Tisn\u00e9"},"content":{"rendered":"<div class=\"wp-block-image\">\n<figure class=\"aligncenter size-large\"><img fetchpriority=\"high\" decoding=\"async\" width=\"1024\" height=\"768\" src=\"https:\/\/crsoriente.cl\/wp-content\/uploads\/2025\/10\/WhatsApp-Image-2025-10-20-at-1.59.01-PM-1024x768.jpeg\" alt=\"\" class=\"wp-image-3635\" srcset=\"https:\/\/crsoriente.cl\/wp-content\/uploads\/2025\/10\/WhatsApp-Image-2025-10-20-at-1.59.01-PM-1024x768.jpeg 1024w, https:\/\/crsoriente.cl\/wp-content\/uploads\/2025\/10\/WhatsApp-Image-2025-10-20-at-1.59.01-PM-300x225.jpeg 300w, https:\/\/crsoriente.cl\/wp-content\/uploads\/2025\/10\/WhatsApp-Image-2025-10-20-at-1.59.01-PM-768x576.jpeg 768w, https:\/\/crsoriente.cl\/wp-content\/uploads\/2025\/10\/WhatsApp-Image-2025-10-20-at-1.59.01-PM-1536x1152.jpeg 1536w, https:\/\/crsoriente.cl\/wp-content\/uploads\/2025\/10\/WhatsApp-Image-2025-10-20-at-1.59.01-PM-155x116.jpeg 155w, https:\/\/crsoriente.cl\/wp-content\/uploads\/2025\/10\/WhatsApp-Image-2025-10-20-at-1.59.01-PM.jpeg 1600w\" sizes=\"(max-width: 1024px) 100vw, 1024px\" \/><\/figure>\n<\/div>\n\n\n<p>El pasado viernes 17 de octubre, el<strong> frontis del CRS Cordillera Oriente se transform\u00f3 en un espacio de encuentro, aprendizaje y compromiso con la salud<\/strong>, gracias a la realizaci\u00f3n de la <strong>Feria de la Seguridad del Paciente<\/strong>, organizada <strong>en conjunto con el Hospital Luis Tisn\u00e9.<\/strong> El evento, impulsado por las<strong> Unidades de Calidad y Seguridad del Paciente de ambas instituciones, fue recibido con entusiasmo por la comunidad, consolid\u00e1ndose como un \u00e9xito rotundo.<\/strong><\/p>\n\n\n\n<p>Diversas Unidades de los dos establecimientos se hicieron presentes a trav\u00e9s de <strong>stands interactivos que ofrecieron informaci\u00f3n clave sobre pr\u00e1cticas seguras en la atenci\u00f3n de salud. <\/strong>Lo m\u00e1s destacado fue el <strong>enfoque l\u00fadico y participativo<\/strong>, que permiti\u00f3 a los asistentes <strong>aprender de manera entretenida sobre la importancia de la seguridad del paciente y el rol fundamental que cumple el personal de salud en este \u00e1mbito.<\/strong><\/p>\n\n\n\n<p>La feria no solo logr\u00f3 informar, sino tambi\u00e9n <strong>concienciar profundamente<\/strong> a los visitantes sobre la responsabilidad compartida en el cuidado de la salud. <strong>Actividades din\u00e1micas, juegos educativos y charlas breves fueron algunas de las estrategias utilizadas para acercar estos temas a personas de todas las edades.<\/strong><\/p>\n\n\n\n<p>La realizaci\u00f3n de esta feria refleja el <strong>firme compromiso del CRS Cordillera Oriente y del Hospital Luis Tisn\u00e9 con la promoci\u00f3n de una cultura de seguridad y calidad en la atenci\u00f3n sanitaria. <\/strong>A trav\u00e9s de esta iniciativa, <strong>ambas instituciones reafirman su responsabilidad de fortalecer la educaci\u00f3n en salud, fomentar la participaci\u00f3n activa de la comunidad y consolidar pr\u00e1cticas seguras que contribuyan al bienestar de los usuarios y usuarias del sistema de salud.<\/strong><\/p>\n\n\n\n<figure class=\"wp-block-embed is-type-video is-provider-youtube wp-block-embed-youtube wp-embed-aspect-9-16 wp-has-aspect-ratio\"><div class=\"wp-block-embed__wrapper\">\n<iframe title=\"Feria de la Seguridad del Paciente - CRS Cordillera Oriente\" width=\"540\" height=\"960\" src=\"https:\/\/www.youtube.com\/embed\/MZR6kjwY0xQ?feature=oembed\" frameborder=\"0\" allow=\"accelerometer; autoplay; clipboard-write; encrypted-media; gyroscope; picture-in-picture; web-share\" referrerpolicy=\"strict-origin-when-cross-origin\" allowfullscreen><\/iframe>\n<\/div><\/figure>\n","protected":false},"excerpt":{"rendered":"<p>El pasado viernes 17 de octubre, el frontis del CRS Cordillera Oriente se transform\u00f3 en un espacio de encuentro, aprendizaje y compromiso con la salud, gracias a la realizaci\u00f3n de la Feria de la Seguridad del Paciente, organizada en conjunto con el Hospital Luis Tisn\u00e9. El evento, impulsado por las Unidades de Calidad y Seguridad [&hellip;]<\/p>\n","protected":false},"author":4,"featured_media":3635,"comment_status":"open","ping_status":"open","sticky":false,"template":"","format":"standard","meta":{"_uag_custom_page_level_css":"","footnotes":""},"categories":[1],"tags":[],"class_list":["post-3634","post","type-post","status-publish","format-standard","has-post-thumbnail","hentry","category-uncategorized"],"uagb_featured_image_src":{"full":["https:\/\/crsoriente.cl\/wp-content\/uploads\/2025\/10\/WhatsApp-Image-2025-10-20-at-1.59.01-PM.jpeg",1600,1200,false],"thumbnail":["https:\/\/crsoriente.cl\/wp-content\/uploads\/2025\/10\/WhatsApp-Image-2025-10-20-at-1.59.01-PM-150x150.jpeg",150,150,true],"medium":["https:\/\/crsoriente.cl\/wp-content\/uploads\/2025\/10\/WhatsApp-Image-2025-10-20-at-1.59.01-PM-300x225.jpeg",300,225,true],"medium_large":["https:\/\/crsoriente.cl\/wp-content\/uploads\/2025\/10\/WhatsApp-Image-2025-10-20-at-1.59.01-PM-768x576.jpeg",640,480,true],"large":["https:\/\/crsoriente.cl\/wp-content\/uploads\/2025\/10\/WhatsApp-Image-2025-10-20-at-1.59.01-PM-1024x768.jpeg",640,480,true],"1536x1536":["https:\/\/crsoriente.cl\/wp-content\/uploads\/2025\/10\/WhatsApp-Image-2025-10-20-at-1.59.01-PM-1536x1152.jpeg",1536,1152,true],"2048x2048":["https:\/\/crsoriente.cl\/wp-content\/uploads\/2025\/10\/WhatsApp-Image-2025-10-20-at-1.59.01-PM.jpeg",1600,1200,false],"form-edit-image-preview":["https:\/\/crsoriente.cl\/wp-content\/uploads\/2025\/10\/WhatsApp-Image-2025-10-20-at-1.59.01-PM-155x116.jpeg",155,116,true]},"uagb_author_info":{"display_name":"Diego M\u00e1nquez Arredondo","author_link":"https:\/\/crsoriente.cl\/?author=4"},"uagb_comment_info":0,"uagb_excerpt":"El pasado viernes 17 de octubre, el frontis del CRS Cordillera Oriente se transform\u00f3 en un espacio de encuentro, aprendizaje y compromiso con la salud, gracias a la realizaci\u00f3n de la Feria de la Seguridad del Paciente, organizada en conjunto con el Hospital Luis Tisn\u00e9. El evento, impulsado por las Unidades de Calidad y Seguridad&hellip;","_links":{"self":[{"href":"https:\/\/crsoriente.cl\/index.php?rest_route=\/wp\/v2\/posts\/3634","targetHints":{"allow":["GET"]}}],"collection":[{"href":"https:\/\/crsoriente.cl\/index.php?rest_route=\/wp\/v2\/posts"}],"about":[{"href":"https:\/\/crsoriente.cl\/index.php?rest_route=\/wp\/v2\/types\/post"}],"author":[{"embeddable":true,"href":"https:\/\/crsoriente.cl\/index.php?rest_route=\/wp\/v2\/users\/4"}],"replies":[{"embeddable":true,"href":"https:\/\/crsoriente.cl\/index.php?rest_route=%2Fwp%2Fv2%2Fcomments&post=3634"}],"version-history":[{"count":1,"href":"https:\/\/crsoriente.cl\/index.php?rest_route=\/wp\/v2\/posts\/3634\/revisions"}],"predecessor-version":[{"id":3636,"href":"https:\/\/crsoriente.cl\/index.php?rest_route=\/wp\/v2\/posts\/3634\/revisions\/3636"}],"wp:featuredmedia":[{"embeddable":true,"href":"https:\/\/crsoriente.cl\/index.php?rest_route=\/wp\/v2\/media\/3635"}],"wp:attachment":[{"href":"https:\/\/crsoriente.cl\/index.php?rest_route=%2Fwp%2Fv2%2Fmedia&parent=3634"}],"wp:term":[{"taxonomy":"category","embeddable":true,"href":"https:\/\/crsoriente.cl\/index.php?rest_route=%2Fwp%2Fv2%2Fcategories&post=3634"},{"taxonomy":"post_tag","embeddable":true,"href":"https:\/\/crsoriente.cl\/index.php?rest_route=%2Fwp%2Fv2%2Ftags&post=3634"}],"curies":[{"name":"wp","href":"https:\/\/api.w.org\/{rel}","templated":true}]}}