{"id":3826,"date":"2025-12-11T09:31:01","date_gmt":"2025-12-11T13:31:01","guid":{"rendered":"https:\/\/crsoriente.cl\/?p=3826"},"modified":"2025-12-11T10:37:29","modified_gmt":"2025-12-11T14:37:29","slug":"unidad-de-hospital-de-dia-del-crs-protagoniza-caminata-saludable-en-penalolen","status":"publish","type":"post","link":"https:\/\/crsoriente.cl\/?p=3826","title":{"rendered":"Unidad de Hospital de D\u00eda del CRS protagoniza caminata saludable en Pe\u00f1alol\u00e9n"},"content":{"rendered":"\n<div class=\"wp-block-uagb-image uagb-block-e8dd4e92 wp-block-uagb-image--layout-default wp-block-uagb-image--effect-static wp-block-uagb-image--align-none\"><figure class=\"wp-block-uagb-image__figure\"><img loading=\"lazy\" decoding=\"async\" srcset=\"https:\/\/crsoriente.cl\/wp-content\/uploads\/2025\/12\/1000035765-min-1024x768.jpg ,https:\/\/crsoriente.cl\/wp-content\/uploads\/2025\/12\/1000035765-min-scaled.jpg 780w, https:\/\/crsoriente.cl\/wp-content\/uploads\/2025\/12\/1000035765-min-scaled.jpg 360w\" sizes=\"auto, (max-width: 480px) 150px\" src=\"https:\/\/crsoriente.cl\/wp-content\/uploads\/2025\/12\/1000035765-min-1024x768.jpg\" alt=\"\" class=\"uag-image-3827\" width=\"4624\" height=\"3468\" title=\"1000035765-min\" loading=\"lazy\" role=\"img\"\/><\/figure><\/div>\n\n\n\n<p>La Unidad de Hospital de D\u00eda del <strong>Centro de Referencia de Salud Cordillera Oriente <\/strong>d<strong>e Pe\u00f1alol\u00e9n<\/strong> llev\u00f3 a cabo una<strong>caminata comunitaria <\/strong>el pasado <strong>martes 9 de diciembre<\/strong>, en donde <strong>participaron sus pacientes y equipo de trabajo.<\/strong> La actividad busc\u00f3 <strong>promover la vida sana y el autocuidado, fortaleciendo adem\u00e1s los v\u00ednculos entre usuarios y funcionarios.<\/strong><\/p>\n\n\n\n<p>La jornada comenz\u00f3 a las <strong>9:00 horas<\/strong> desde el <strong>CESFAM Las Torres<\/strong>, con la gu\u00eda del <strong>equipo de kinesiolog\u00eda<\/strong> de dicho centro. El recorrido incluy\u00f3 las calles <strong>Avenida San Luis, Tobalaba y Avenida Las Torres<\/strong>, finalizando nuevamente en el CESFAM Las Torres, donde los participantes compartieron experiencias y reflexiones sobre la importancia de la actividad f\u00edsica en la recuperaci\u00f3n y bienestar integral.<\/p>\n\n\n\n<div class=\"wp-block-uagb-image uagb-block-0e658486 wp-block-uagb-image--layout-default wp-block-uagb-image--effect-static wp-block-uagb-image--align-none\"><figure class=\"wp-block-uagb-image__figure\"><img loading=\"lazy\" decoding=\"async\" srcset=\"https:\/\/crsoriente.cl\/wp-content\/uploads\/2025\/12\/1000035770-min-765x1024.jpg ,https:\/\/crsoriente.cl\/wp-content\/uploads\/2025\/12\/1000035770-min-scaled.jpg 780w, https:\/\/crsoriente.cl\/wp-content\/uploads\/2025\/12\/1000035770-min-scaled.jpg 360w\" sizes=\"auto, (max-width: 480px) 150px\" src=\"https:\/\/crsoriente.cl\/wp-content\/uploads\/2025\/12\/1000035770-min-765x1024.jpg\" alt=\"\" class=\"uag-image-3828\" width=\"3456\" height=\"4624\" title=\"1000035770-min\" loading=\"lazy\" role=\"img\"\/><\/figure><\/div>\n\n\n\n<p>La caminata fue un espacio de encuentro en el que pacientes y profesionales de la <strong>Unidad de Hospital de D\u00eda del CRS Cordillera Oriente<\/strong> demostraron que la salud se construye en comunidad. Su participaci\u00f3n activa dio sentido a la iniciativa, mostrando c\u00f3mo el trabajo conjunto entre usuarios y equipos cl\u00ednicos puede convertirse en motor de integraci\u00f3n y motivaci\u00f3n.<\/p>\n\n\n\n<p>Con este tipo de actividades, <strong>el CRS Cordillera Oriente reafirma su compromiso con la comuna de Pe\u00f1alol\u00e9n, impulsando acciones que promueven estilos de vida saludables y fortalecen la relaci\u00f3n entre los servicios de salud, sus pacientes y la comunidad.<\/strong><\/p>\n","protected":false},"excerpt":{"rendered":"<p>La Unidad de Hospital de D\u00eda del Centro de Referencia de Salud Cordillera Oriente de Pe\u00f1alol\u00e9n llev\u00f3 a cabo unacaminata comunitaria el pasado martes 9 de diciembre, en donde participaron sus pacientes y equipo de trabajo. La actividad busc\u00f3 promover la vida sana y el autocuidado, fortaleciendo adem\u00e1s los v\u00ednculos entre usuarios y funcionarios. La [&hellip;]<\/p>\n","protected":false},"author":4,"featured_media":3827,"comment_status":"open","ping_status":"open","sticky":false,"template":"","format":"standard","meta":{"_uag_custom_page_level_css":"","footnotes":""},"categories":[12],"tags":[],"class_list":["post-3826","post","type-post","status-publish","format-standard","has-post-thumbnail","hentry","category-noticias"],"uagb_featured_image_src":{"full":["https:\/\/crsoriente.cl\/wp-content\/uploads\/2025\/12\/1000035765-min-scaled.jpg",2560,1920,false],"thumbnail":["https:\/\/crsoriente.cl\/wp-content\/uploads\/2025\/12\/1000035765-min-150x150.jpg",150,150,true],"medium":["https:\/\/crsoriente.cl\/wp-content\/uploads\/2025\/12\/1000035765-min-300x225.jpg",300,225,true],"medium_large":["https:\/\/crsoriente.cl\/wp-content\/uploads\/2025\/12\/1000035765-min-768x576.jpg",640,480,true],"large":["https:\/\/crsoriente.cl\/wp-content\/uploads\/2025\/12\/1000035765-min-1024x768.jpg",640,480,true],"1536x1536":["https:\/\/crsoriente.cl\/wp-content\/uploads\/2025\/12\/1000035765-min-1536x1152.jpg",1536,1152,true],"2048x2048":["https:\/\/crsoriente.cl\/wp-content\/uploads\/2025\/12\/1000035765-min-2048x1536.jpg",2048,1536,true],"form-edit-image-preview":["https:\/\/crsoriente.cl\/wp-content\/uploads\/2025\/12\/1000035765-min-155x116.jpg",155,116,true]},"uagb_author_info":{"display_name":"Diego M\u00e1nquez Arredondo","author_link":"https:\/\/crsoriente.cl\/?author=4"},"uagb_comment_info":3,"uagb_excerpt":"La Unidad de Hospital de D\u00eda del Centro de Referencia de Salud Cordillera Oriente de Pe\u00f1alol\u00e9n llev\u00f3 a cabo unacaminata comunitaria el pasado martes 9 de diciembre, en donde participaron sus pacientes y equipo de trabajo. La actividad busc\u00f3 promover la vida sana y el autocuidado, fortaleciendo adem\u00e1s los v\u00ednculos entre usuarios y funcionarios. La&hellip;","_links":{"self":[{"href":"https:\/\/crsoriente.cl\/index.php?rest_route=\/wp\/v2\/posts\/3826","targetHints":{"allow":["GET"]}}],"collection":[{"href":"https:\/\/crsoriente.cl\/index.php?rest_route=\/wp\/v2\/posts"}],"about":[{"href":"https:\/\/crsoriente.cl\/index.php?rest_route=\/wp\/v2\/types\/post"}],"author":[{"embeddable":true,"href":"https:\/\/crsoriente.cl\/index.php?rest_route=\/wp\/v2\/users\/4"}],"replies":[{"embeddable":true,"href":"https:\/\/crsoriente.cl\/index.php?rest_route=%2Fwp%2Fv2%2Fcomments&post=3826"}],"version-history":[{"count":2,"href":"https:\/\/crsoriente.cl\/index.php?rest_route=\/wp\/v2\/posts\/3826\/revisions"}],"predecessor-version":[{"id":3834,"href":"https:\/\/crsoriente.cl\/index.php?rest_route=\/wp\/v2\/posts\/3826\/revisions\/3834"}],"wp:featuredmedia":[{"embeddable":true,"href":"https:\/\/crsoriente.cl\/index.php?rest_route=\/wp\/v2\/media\/3827"}],"wp:attachment":[{"href":"https:\/\/crsoriente.cl\/index.php?rest_route=%2Fwp%2Fv2%2Fmedia&parent=3826"}],"wp:term":[{"taxonomy":"category","embeddable":true,"href":"https:\/\/crsoriente.cl\/index.php?rest_route=%2Fwp%2Fv2%2Fcategories&post=3826"},{"taxonomy":"post_tag","embeddable":true,"href":"https:\/\/crsoriente.cl\/index.php?rest_route=%2Fwp%2Fv2%2Ftags&post=3826"}],"curies":[{"name":"wp","href":"https:\/\/api.w.org\/{rel}","templated":true}]}}